{"id":138397,"date":"2019-11-28T12:28:18","date_gmt":"2019-11-28T15:28:18","guid":{"rendered":"http:\/\/www.caririemacao.com\/1\/?p=138397"},"modified":"2019-11-28T12:28:18","modified_gmt":"2019-11-28T15:28:18","slug":"eleitores-com-mais-de-70-precisam-fazer-a-biometria","status":"publish","type":"post","link":"https:\/\/www.caririemacao.com\/1\/2019\/11\/28\/eleitores-com-mais-de-70-precisam-fazer-a-biometria\/","title":{"rendered":"Eleitores com mais de 70 precisam fazer a biometria"},"content":{"rendered":"\n<p>O eleitor com mais de 70 anos de idade tamb\u00e9m deve participar da coleta de dados biom\u00e9tricos realizada pela Justi\u00e7a Eleitoral. Embora a Constitui\u00e7\u00e3o Federal determine que o alistamento eleitoral e o voto s\u00e3o facultativos para o cidad\u00e3o nessa idade, no caso de revis\u00e3o eleitoral, todos os eleitores, inclusive aqueles para os quais o voto \u00e9 facultativo \u2013 maiores de 16 e menores de 18 anos, maiores de 70 anos e analfabetos \u2013 devem comparecer aos cart\u00f3rios para o cadastramento biom\u00e9trico.<\/p>\n\n\n\n<p>De acordo com o Tribunal Superior Eleitoral, os idosos com mais de 70 anos que n\u00e3o participarem do procedimento de revis\u00e3o podem ter seus t\u00edtulos cancelados. O TSE informa ainda que n\u00e3o ser\u00e3o canceladas as inscri\u00e7\u00f5es de eleitores com defici\u00eancia que impossibilite o cumprimento das obriga\u00e7\u00f5es eleitorais, desde que a informa\u00e7\u00e3o conste no cadastro.<\/p>\n\n\n\n<p><strong>Biometria<\/strong><br>O cadastramento biom\u00e9trico \u00e9 o procedimento de coleta das impress\u00f5es digitais, fotografia e assinatura, com a atualiza\u00e7\u00e3o dos dados cadastrais do eleitor. De acordo com o tribunal, a medida refor\u00e7a a seguran\u00e7a da identifica\u00e7\u00e3o na hora do voto e \u00e9 uma oportunidade para a Justi\u00e7a Eleitoral realizar a atualiza\u00e7\u00e3o dos dados, excluindo os eleitores que n\u00e3o comprovem v\u00ednculo com o respectivo munic\u00edpio.<\/p>\n\n\n\n<p>Segundo o TSE, at\u00e9 o in\u00edcio de setembro, 72% dos eleitores brasileiros j\u00e1 tinham realizado a biometria. O prazo estipulado pelo TSE \u00e9 2022, mas em alguns munic\u00edpios a biometria tem que ser feita antes, sob pena dos eleitores terem seus t\u00edtulos cancelados, levando a problemas como impossibilidade de se tirar passaporte ou at\u00e9 a possibilidade de interrup\u00e7\u00e3o do recebimento do Bolsa Fam\u00edlia.<\/p>\n\n\n\n<p>Para mais informa\u00e7\u00f5es, os eleitores devem procurar as unidades de atendimento da zona eleitoral em que forem inscritos ou a Corregedoria Regional Eleitoral da respectiva unidade da Federa\u00e7\u00e3o.<\/p>\n","protected":false},"excerpt":{"rendered":"<p>O eleitor com mais de 70 anos de idade tamb\u00e9m deve participar da coleta de dados biom\u00e9tricos realizada pela Justi\u00e7a Eleitoral. Embora a Constitui\u00e7\u00e3o Federal&hellip; <\/p>\n","protected":false},"author":1,"featured_media":75599,"comment_status":"closed","ping_status":"closed","sticky":false,"template":"","format":"standard","meta":{"sfsi_plus_gutenberg_text_before_share":"","sfsi_plus_gutenberg_show_text_before_share":"","sfsi_plus_gutenberg_icon_type":"","sfsi_plus_gutenberg_icon_alignemt":"","sfsi_plus_gutenburg_max_per_row":"","footnotes":""},"categories":[2],"tags":[],"class_list":["post-138397","post","type-post","status-publish","format-standard","has-post-thumbnail","hentry","category-geral"],"_links":{"self":[{"href":"https:\/\/www.caririemacao.com\/1\/wp-json\/wp\/v2\/posts\/138397","targetHints":{"allow":["GET"]}}],"collection":[{"href":"https:\/\/www.caririemacao.com\/1\/wp-json\/wp\/v2\/posts"}],"about":[{"href":"https:\/\/www.caririemacao.com\/1\/wp-json\/wp\/v2\/types\/post"}],"author":[{"embeddable":true,"href":"https:\/\/www.caririemacao.com\/1\/wp-json\/wp\/v2\/users\/1"}],"replies":[{"embeddable":true,"href":"https:\/\/www.caririemacao.com\/1\/wp-json\/wp\/v2\/comments?post=138397"}],"version-history":[{"count":1,"href":"https:\/\/www.caririemacao.com\/1\/wp-json\/wp\/v2\/posts\/138397\/revisions"}],"predecessor-version":[{"id":138398,"href":"https:\/\/www.caririemacao.com\/1\/wp-json\/wp\/v2\/posts\/138397\/revisions\/138398"}],"wp:featuredmedia":[{"embeddable":true,"href":"https:\/\/www.caririemacao.com\/1\/wp-json\/wp\/v2\/media\/75599"}],"wp:attachment":[{"href":"https:\/\/www.caririemacao.com\/1\/wp-json\/wp\/v2\/media?parent=138397"}],"wp:term":[{"taxonomy":"category","embeddable":true,"href":"https:\/\/www.caririemacao.com\/1\/wp-json\/wp\/v2\/categories?post=138397"},{"taxonomy":"post_tag","embeddable":true,"href":"https:\/\/www.caririemacao.com\/1\/wp-json\/wp\/v2\/tags?post=138397"}],"curies":[{"name":"wp","href":"https:\/\/api.w.org\/{rel}","templated":true}]}}