{"id":138403,"date":"2019-11-28T13:55:33","date_gmt":"2019-11-28T16:55:33","guid":{"rendered":"http:\/\/www.caririemacao.com\/1\/?p=138403"},"modified":"2019-11-28T13:55:33","modified_gmt":"2019-11-28T16:55:33","slug":"serasa-libera-consulta-a-cpf-e-cnpj-de-graca-durante-a-black-friday-2019","status":"publish","type":"post","link":"https:\/\/www.caririemacao.com\/1\/2019\/11\/28\/serasa-libera-consulta-a-cpf-e-cnpj-de-graca-durante-a-black-friday-2019\/","title":{"rendered":"Serasa libera consulta a CPF e CNPJ de gra\u00e7a durante a Black Friday 2019"},"content":{"rendered":"\n<p>O servi\u00e7o de consulta de CPF e CNPJ da Serasa poder\u00e1 ser acessado de gra\u00e7a durante a Black Friday 2019. De sexta-feira (29) a domingo (1), a ferramenta Voc\u00ea Consulta n\u00e3o cobrar\u00e1 para informar se uma pessoa ou empresa tem pend\u00eancias no banco de dados de devedores. Ao permitir que o consumidor pesquise melhor sobre o hist\u00f3rico do vendedor durante o dia de descontos, a entidade espera contribuir para a redu\u00e7\u00e3o de golpes e fraudes.<\/p>\n\n\n\n<p>Os dados fornecidos no relat\u00f3rio do Voc\u00ea Consulta s\u00e3o bem mais abrangentes do que os da consulta gr\u00e1tis oferecida regularmente pelo Serasa. Na modalidade paga, \u00e9 poss\u00edvel acessar o hist\u00f3rico de terceiros para revelar pend\u00eancias comerciais e anota\u00e7\u00f5es negativas, a\u00e7\u00f5es judiciais, participa\u00e7\u00f5es em fal\u00eancias, protestos e registros de cheque sem fundo, al\u00e9m da situa\u00e7\u00e3o na Receita Federal. Fora da Black Friday, cada consulta custa R$ 35.<\/p>\n\n\n\n<p>Para obter o relat\u00f3rio completo de lojas ou vendedores aut\u00f4nomos durante a Black Friday, basta acessar a p\u00e1gina do Serasa Voc\u00ea Consulta (www.serasaconsumidor.com.br\/voceconsulta), preencher um breve cadastro e incluir o CPF ou CNPJ que deseja consultar. O relat\u00f3rio \u00e9 gerado logo ap\u00f3s a solicita\u00e7\u00e3o e enviado por e-mail em PDF. A partir de segunda-feira (2), o servi\u00e7o volta ao pre\u00e7o normal.<\/p>\n\n\n\n<p>Essa n\u00e3o \u00e9 a primeira vez em que o Serasa faz uma a\u00e7\u00e3o promocional durante a Black Friday. Na \u00faltima edi\u00e7\u00e3o do evento, em 2018, a empresa realizou a mesma promo\u00e7\u00e3o, mas por apenas 24 horas.<\/p>\n","protected":false},"excerpt":{"rendered":"<p>O servi\u00e7o de consulta de CPF e CNPJ da Serasa poder\u00e1 ser acessado de gra\u00e7a durante a Black Friday 2019. De sexta-feira (29) a domingo&hellip; <\/p>\n","protected":false},"author":1,"featured_media":38590,"comment_status":"closed","ping_status":"closed","sticky":false,"template":"","format":"standard","meta":{"sfsi_plus_gutenberg_text_before_share":"","sfsi_plus_gutenberg_show_text_before_share":"","sfsi_plus_gutenberg_icon_type":"","sfsi_plus_gutenberg_icon_alignemt":"","sfsi_plus_gutenburg_max_per_row":"","footnotes":""},"categories":[2],"tags":[],"class_list":["post-138403","post","type-post","status-publish","format-standard","has-post-thumbnail","hentry","category-geral"],"_links":{"self":[{"href":"https:\/\/www.caririemacao.com\/1\/wp-json\/wp\/v2\/posts\/138403","targetHints":{"allow":["GET"]}}],"collection":[{"href":"https:\/\/www.caririemacao.com\/1\/wp-json\/wp\/v2\/posts"}],"about":[{"href":"https:\/\/www.caririemacao.com\/1\/wp-json\/wp\/v2\/types\/post"}],"author":[{"embeddable":true,"href":"https:\/\/www.caririemacao.com\/1\/wp-json\/wp\/v2\/users\/1"}],"replies":[{"embeddable":true,"href":"https:\/\/www.caririemacao.com\/1\/wp-json\/wp\/v2\/comments?post=138403"}],"version-history":[{"count":1,"href":"https:\/\/www.caririemacao.com\/1\/wp-json\/wp\/v2\/posts\/138403\/revisions"}],"predecessor-version":[{"id":138404,"href":"https:\/\/www.caririemacao.com\/1\/wp-json\/wp\/v2\/posts\/138403\/revisions\/138404"}],"wp:featuredmedia":[{"embeddable":true,"href":"https:\/\/www.caririemacao.com\/1\/wp-json\/wp\/v2\/media\/38590"}],"wp:attachment":[{"href":"https:\/\/www.caririemacao.com\/1\/wp-json\/wp\/v2\/media?parent=138403"}],"wp:term":[{"taxonomy":"category","embeddable":true,"href":"https:\/\/www.caririemacao.com\/1\/wp-json\/wp\/v2\/categories?post=138403"},{"taxonomy":"post_tag","embeddable":true,"href":"https:\/\/www.caririemacao.com\/1\/wp-json\/wp\/v2\/tags?post=138403"}],"curies":[{"name":"wp","href":"https:\/\/api.w.org\/{rel}","templated":true}]}}