{"id":138410,"date":"2019-11-28T14:26:31","date_gmt":"2019-11-28T17:26:31","guid":{"rendered":"http:\/\/www.caririemacao.com\/1\/?p=138410"},"modified":"2019-11-28T14:26:31","modified_gmt":"2019-11-28T17:26:31","slug":"facebook-e-instagram-apresentam-instabilidade-em-todo-o-mundo","status":"publish","type":"post","link":"https:\/\/www.caririemacao.com\/1\/2019\/11\/28\/facebook-e-instagram-apresentam-instabilidade-em-todo-o-mundo\/","title":{"rendered":"Facebook e Instagram apresentam instabilidade em todo o mundo"},"content":{"rendered":"\n<p>Facebook e o Instagram est\u00e3o fora do ar em diversas regi\u00f5es do mundo. A instabilidade foi registrada na manh\u00e3 desta quinta-feira (28\/11\/2019).<\/p>\n\n\n\n<p>De acordo com o site DownDetector, a instabilidade come\u00e7ou por volta das 10h (hor\u00e1rio de Bras\u00edlia).<\/p>\n\n\n\n<p>O Facebook ainda n\u00e3o se pronunciou sobre as falhas.<\/p>\n","protected":false},"excerpt":{"rendered":"<p>Facebook e o Instagram est\u00e3o fora do ar em diversas regi\u00f5es do mundo. A instabilidade foi registrada na manh\u00e3 desta quinta-feira (28\/11\/2019). De acordo com&hellip; <\/p>\n","protected":false},"author":1,"featured_media":138411,"comment_status":"closed","ping_status":"closed","sticky":false,"template":"","format":"standard","meta":{"sfsi_plus_gutenberg_text_before_share":"","sfsi_plus_gutenberg_show_text_before_share":"","sfsi_plus_gutenberg_icon_type":"","sfsi_plus_gutenberg_icon_alignemt":"","sfsi_plus_gutenburg_max_per_row":"","footnotes":""},"categories":[2],"tags":[],"class_list":["post-138410","post","type-post","status-publish","format-standard","has-post-thumbnail","hentry","category-geral"],"_links":{"self":[{"href":"https:\/\/www.caririemacao.com\/1\/wp-json\/wp\/v2\/posts\/138410","targetHints":{"allow":["GET"]}}],"collection":[{"href":"https:\/\/www.caririemacao.com\/1\/wp-json\/wp\/v2\/posts"}],"about":[{"href":"https:\/\/www.caririemacao.com\/1\/wp-json\/wp\/v2\/types\/post"}],"author":[{"embeddable":true,"href":"https:\/\/www.caririemacao.com\/1\/wp-json\/wp\/v2\/users\/1"}],"replies":[{"embeddable":true,"href":"https:\/\/www.caririemacao.com\/1\/wp-json\/wp\/v2\/comments?post=138410"}],"version-history":[{"count":1,"href":"https:\/\/www.caririemacao.com\/1\/wp-json\/wp\/v2\/posts\/138410\/revisions"}],"predecessor-version":[{"id":138412,"href":"https:\/\/www.caririemacao.com\/1\/wp-json\/wp\/v2\/posts\/138410\/revisions\/138412"}],"wp:featuredmedia":[{"embeddable":true,"href":"https:\/\/www.caririemacao.com\/1\/wp-json\/wp\/v2\/media\/138411"}],"wp:attachment":[{"href":"https:\/\/www.caririemacao.com\/1\/wp-json\/wp\/v2\/media?parent=138410"}],"wp:term":[{"taxonomy":"category","embeddable":true,"href":"https:\/\/www.caririemacao.com\/1\/wp-json\/wp\/v2\/categories?post=138410"},{"taxonomy":"post_tag","embeddable":true,"href":"https:\/\/www.caririemacao.com\/1\/wp-json\/wp\/v2\/tags?post=138410"}],"curies":[{"name":"wp","href":"https:\/\/api.w.org\/{rel}","templated":true}]}}