{"id":138419,"date":"2019-11-28T14:37:03","date_gmt":"2019-11-28T17:37:03","guid":{"rendered":"http:\/\/www.caririemacao.com\/1\/?p=138419"},"modified":"2019-11-28T14:37:03","modified_gmt":"2019-11-28T17:37:03","slug":"tecnico-do-flamengo-mantem-suspense-sobre-o-futuro-no-clube","status":"publish","type":"post","link":"https:\/\/www.caririemacao.com\/1\/2019\/11\/28\/tecnico-do-flamengo-mantem-suspense-sobre-o-futuro-no-clube\/","title":{"rendered":"T\u00e9cnico do Flamengo mant\u00e9m suspense sobre o futuro no clube"},"content":{"rendered":"\n<p>Depois de o Flamengo derrotar o Cear\u00e1 e levantar a ta\u00e7a do Campeonato Brasileiro na quarta-feira (27), as aten\u00e7\u00f5es se voltaram ao t\u00e9cnico Jorge Jesus que, durante a entrevista coletiva, foi questionado sobre a perman\u00eancia na G\u00e1vea ou n\u00e3o.<\/p>\n\n\n\n<p>O treinador, que tem contrato v\u00e1lido at\u00e9 maio do ano que vem, ressaltou o foco na disputa do Mundial de Clubes e garantiu que n\u00e3o conversar\u00e1 com clube algum, nem com o pr\u00f3prio time rubro-negro, antes da disputa do torneio que pode fazer o Flamengo se tornar o melhor time do mundo.<\/p>\n\n\n\n<p>\u201cO meu foco \u00e9 o Flamengo. N\u00e3o h\u00e1 possibilidade de ter comunica\u00e7\u00e3o comigo sobre outro assunto. Falam que muitos clubes conversaram comigo. At\u00e9 o Mundial n\u00e3o tem nada, n\u00e3o falo com ningu\u00e9m, nem com o Flamengo\u201d, disse o treinador, que, por outro lado, apontou n\u00e3o ter certeza sobre o futuro:<\/p>\n\n\n\n<p>\u201cN\u00e3o sei o que ser\u00e1 do meu futuro depois do Flamengo. Sei que tenho contrato at\u00e9 maio. Depois, tudo pode acontecer.\u201d<\/p>\n\n\n\n<p>O comandante, que chegou ao clube no meio do ano para substituir Abel Braga, ainda elogiou o elenco. \u201cNunca tive uma rela\u00e7\u00e3o t\u00e3o forte como tenho com a equipe do Flamengo. Sou treinador h\u00e1 38 anos e encontrei um grupo que me ama. Nunca tive um grupo t\u00e3o forte e confiante no treinador, nas minhas ideias\u201d.<\/p>\n\n\n\n<p>Jesus destacou que dois dos tr\u00eas objetivos que tinha \u00e0 frente do Flamengo foram cumpridos e que, agora, o time se prepara para o Mundial. \u201cO que procuramos \u00e9 sonhar. [\u2026] Vamos pensar no dia a dia o que vai acontecer. Estou muito feliz no Flamengo. Temos 20 dias para preparar a equipe para o Mundial\u201d, apontou.<\/p>\n\n\n\n<p>O t\u00e9cnico indicou que o Flamengo ter\u00e1 dificuldade no torneio, no qual poder\u00e1 rever o atual vencedor da Liga dos Campe\u00f5es, o Liverpool, da Inglaterra, que venceu na final do Mundial de 1981, e, novamente, avisou que s\u00f3 depois pensar\u00e1 sobre os pr\u00f3ximos passos da carreira.<\/p>\n\n\n\n<p>\u201cDos tr\u00eas objetivos do Flamengo, o Mundial \u00e9 o mais dif\u00edcil. Qualquer advers\u00e1rio na final ser\u00e1 do mesmo n\u00edvel ou melhor do que o Flamengo. Nada vai me desviar do pensamento e da minha paix\u00e3o at\u00e9 meu \u00faltimo dia no Flamengo. Depois, vou pensar o que fazer da vida.\u201d<\/p>\n\n\n\n<p>Ele brincou ainda com o fato de o time rubro-negro poder disputar a semifinal justamente contra o Al Hilal, da Ar\u00e1bia Saudita, time que comandou na \u00faltima temporada.<\/p>\n\n\n\n<p>\u201cO que \u00e9 o destino? Vou fazer a semifinal contra o Al Hilal, time que eu montei todos os jogadores\u201d.<\/p>\n","protected":false},"excerpt":{"rendered":"<p>Depois de o Flamengo derrotar o Cear\u00e1 e levantar a ta\u00e7a do Campeonato Brasileiro na quarta-feira (27), as aten\u00e7\u00f5es se voltaram ao t\u00e9cnico Jorge Jesus&hellip; <\/p>\n","protected":false},"author":1,"featured_media":136010,"comment_status":"closed","ping_status":"closed","sticky":false,"template":"","format":"standard","meta":{"sfsi_plus_gutenberg_text_before_share":"","sfsi_plus_gutenberg_show_text_before_share":"","sfsi_plus_gutenberg_icon_type":"","sfsi_plus_gutenberg_icon_alignemt":"","sfsi_plus_gutenburg_max_per_row":"","footnotes":""},"categories":[13],"tags":[],"class_list":["post-138419","post","type-post","status-publish","format-standard","has-post-thumbnail","hentry","category-esportes"],"_links":{"self":[{"href":"https:\/\/www.caririemacao.com\/1\/wp-json\/wp\/v2\/posts\/138419","targetHints":{"allow":["GET"]}}],"collection":[{"href":"https:\/\/www.caririemacao.com\/1\/wp-json\/wp\/v2\/posts"}],"about":[{"href":"https:\/\/www.caririemacao.com\/1\/wp-json\/wp\/v2\/types\/post"}],"author":[{"embeddable":true,"href":"https:\/\/www.caririemacao.com\/1\/wp-json\/wp\/v2\/users\/1"}],"replies":[{"embeddable":true,"href":"https:\/\/www.caririemacao.com\/1\/wp-json\/wp\/v2\/comments?post=138419"}],"version-history":[{"count":1,"href":"https:\/\/www.caririemacao.com\/1\/wp-json\/wp\/v2\/posts\/138419\/revisions"}],"predecessor-version":[{"id":138420,"href":"https:\/\/www.caririemacao.com\/1\/wp-json\/wp\/v2\/posts\/138419\/revisions\/138420"}],"wp:featuredmedia":[{"embeddable":true,"href":"https:\/\/www.caririemacao.com\/1\/wp-json\/wp\/v2\/media\/136010"}],"wp:attachment":[{"href":"https:\/\/www.caririemacao.com\/1\/wp-json\/wp\/v2\/media?parent=138419"}],"wp:term":[{"taxonomy":"category","embeddable":true,"href":"https:\/\/www.caririemacao.com\/1\/wp-json\/wp\/v2\/categories?post=138419"},{"taxonomy":"post_tag","embeddable":true,"href":"https:\/\/www.caririemacao.com\/1\/wp-json\/wp\/v2\/tags?post=138419"}],"curies":[{"name":"wp","href":"https:\/\/api.w.org\/{rel}","templated":true}]}}