{"id":138428,"date":"2019-11-28T20:02:20","date_gmt":"2019-11-28T23:02:20","guid":{"rendered":"http:\/\/www.caririemacao.com\/1\/?p=138428"},"modified":"2019-11-28T20:02:20","modified_gmt":"2019-11-28T23:02:20","slug":"expo-monteiro-2019-monteiro-se-torna-capital-do-agronegocio-do-estado-neste-final-de-semana","status":"publish","type":"post","link":"https:\/\/www.caririemacao.com\/1\/2019\/11\/28\/expo-monteiro-2019-monteiro-se-torna-capital-do-agronegocio-do-estado-neste-final-de-semana\/","title":{"rendered":"Expo Monteiro 2019: Monteiro se torna capital do Agroneg\u00f3cio do Estado neste final de semana"},"content":{"rendered":"\n<p>Exposi\u00e7\u00e3o e venda de caprinos e ovinos, oficinas, feira de agricultura familiar, torneio leiteiro, pra\u00e7a de alimenta\u00e7\u00e3o, avicultura caipira, apicultura e carcinicultura e apresenta\u00e7\u00f5es culturais, s\u00e3o alguns dos atrativos para a 14\u00aa Exposi\u00e7\u00e3o de Animais de Monteiro \u2013 Expo Monteiro 2019 que ser\u00e1 realizada entre os dias 28 de novembro e 1 de dezembro, na Pra\u00e7a de Eventos, localizada no Centro da cidade.<\/p>\n\n\n\n<p>A montagem das tendas, pavilh\u00f5es, stands e baias j\u00e1 foram finalizadas na noite desta quarta-feira (27), onde ser\u00e3o expostas as melhores ra\u00e7as de caprinos e ovinos que oferecem melhor produtividade de leite e corte, e que fazem o setor se destacar como um dos principais respons\u00e1veis pela gera\u00e7\u00e3o de emprego e renda na regi\u00e3o do Cariri paraibano.<\/p>\n\n\n\n<p>O evento \u00e9 voltado para a gera\u00e7\u00e3o de neg\u00f3cios, mas tamb\u00e9m para o desenvolvimento e melhoramento do rebanho, atrav\u00e9s de palestras, oficinas, demonstra\u00e7\u00e3o de novas tecnologias aplicadas ao melhoramento da alimenta\u00e7\u00e3o animal, armazenamento atrav\u00e9s de silagem, blocos nutricionais de ra\u00e7\u00e3o e adequa\u00e7\u00e3o das instala\u00e7\u00f5es da pequena propriedade rural.<\/p>\n\n\n\n<p>Num espa\u00e7o de mais de 10 mil m\u00b2, os visitantes e criadores poder\u00e3o visitar os 200 currais onde estar\u00e3o sendo expostas as ra\u00e7as Saanen, Toggenburg, Murciana, Parda Alpina, Boer, Savanna e Anglonubiana, al\u00e9m de pra\u00e7a de alimenta\u00e7\u00e3o para degustar os pratos t\u00edpicos da culin\u00e1ria bod\u00edstica.<\/p>\n\n\n\n<p>Na agenda cultural, os turistas e visitantes poder\u00e3o curtir os shows de Genildo e Ginaldo, Adriano Silva, al\u00e9m de uma grande noite em homenagem ao anivers\u00e1rio de Pinto do Monteiro, com os violeiros Ivanildo Vila Nova e os filhos da terra, Michel e Silvio, entre outros.<\/p>\n\n\n\n<p>O Evento \u00e9 uma realiza\u00e7\u00e3o da Prefeitura Municipal de Monteiro, com apoio do Sebrae e do Governo do Estado da Para\u00edba.<\/p>\n\n\n\n<p>ASCOM<\/p>\n","protected":false},"excerpt":{"rendered":"<p>Exposi\u00e7\u00e3o e venda de caprinos e ovinos, oficinas, feira de agricultura familiar, torneio leiteiro, pra\u00e7a de alimenta\u00e7\u00e3o, avicultura caipira, apicultura e carcinicultura e apresenta\u00e7\u00f5es culturais,&hellip; <\/p>\n","protected":false},"author":1,"featured_media":138429,"comment_status":"closed","ping_status":"closed","sticky":false,"template":"","format":"standard","meta":{"sfsi_plus_gutenberg_text_before_share":"","sfsi_plus_gutenberg_show_text_before_share":"","sfsi_plus_gutenberg_icon_type":"","sfsi_plus_gutenberg_icon_alignemt":"","sfsi_plus_gutenburg_max_per_row":"","footnotes":""},"categories":[2],"tags":[],"class_list":["post-138428","post","type-post","status-publish","format-standard","has-post-thumbnail","hentry","category-geral"],"_links":{"self":[{"href":"https:\/\/www.caririemacao.com\/1\/wp-json\/wp\/v2\/posts\/138428","targetHints":{"allow":["GET"]}}],"collection":[{"href":"https:\/\/www.caririemacao.com\/1\/wp-json\/wp\/v2\/posts"}],"about":[{"href":"https:\/\/www.caririemacao.com\/1\/wp-json\/wp\/v2\/types\/post"}],"author":[{"embeddable":true,"href":"https:\/\/www.caririemacao.com\/1\/wp-json\/wp\/v2\/users\/1"}],"replies":[{"embeddable":true,"href":"https:\/\/www.caririemacao.com\/1\/wp-json\/wp\/v2\/comments?post=138428"}],"version-history":[{"count":1,"href":"https:\/\/www.caririemacao.com\/1\/wp-json\/wp\/v2\/posts\/138428\/revisions"}],"predecessor-version":[{"id":138430,"href":"https:\/\/www.caririemacao.com\/1\/wp-json\/wp\/v2\/posts\/138428\/revisions\/138430"}],"wp:featuredmedia":[{"embeddable":true,"href":"https:\/\/www.caririemacao.com\/1\/wp-json\/wp\/v2\/media\/138429"}],"wp:attachment":[{"href":"https:\/\/www.caririemacao.com\/1\/wp-json\/wp\/v2\/media?parent=138428"}],"wp:term":[{"taxonomy":"category","embeddable":true,"href":"https:\/\/www.caririemacao.com\/1\/wp-json\/wp\/v2\/categories?post=138428"},{"taxonomy":"post_tag","embeddable":true,"href":"https:\/\/www.caririemacao.com\/1\/wp-json\/wp\/v2\/tags?post=138428"}],"curies":[{"name":"wp","href":"https:\/\/api.w.org\/{rel}","templated":true}]}}