{"id":138432,"date":"2019-11-28T20:03:21","date_gmt":"2019-11-28T23:03:21","guid":{"rendered":"http:\/\/www.caririemacao.com\/1\/?p=138432"},"modified":"2019-11-28T20:03:21","modified_gmt":"2019-11-28T23:03:21","slug":"projeto-ser-tao-potavel-e-implantado-em-camalau-pelo-professor-kiel","status":"publish","type":"post","link":"https:\/\/www.caririemacao.com\/1\/2019\/11\/28\/projeto-ser-tao-potavel-e-implantado-em-camalau-pelo-professor-kiel\/","title":{"rendered":"Projeto \u201cSer\/t\u00e3o Pot\u00e1vel \u00e9 implantado em Camala\u00fa pelo professor Kiel"},"content":{"rendered":"\n<p>Por meio do Programa Gira Mundo Israel, uma pol\u00edtica p\u00fablica exitosa do Governo do Estado da Para\u00edba, o professor Kiel S\u00f3stenes da 5\u00aa Ger\u00eancia Regional de Ensino, ap\u00f3s as experi\u00eancias cient\u00edficas vivenciadas em Israel nos anos de 2018 e 2019, atrav\u00e9s de incentivos do mesmo Programa, iniciou a execu\u00e7\u00e3o do projeto na Escola Cidad\u00e3 Integral T\u00e9cnica Estadual Pedro Bezerra Filho, situada em Camala\u00fa-PB.<br><\/p>\n\n\n\n<figure class=\"wp-block-image\"><a href=\"https:\/\/1.bp.blogspot.com\/-PT6tYe4m5As\/XeAnSnAZySI\/AAAAAAAAHCE\/H9F9AtChmQsl9uYjHfd8TEJOq16Po8dzwCLcBGAsYHQ\/s1600\/11.jpg\"><img decoding=\"async\" data-src=\"https:\/\/1.bp.blogspot.com\/-PT6tYe4m5As\/XeAnSnAZySI\/AAAAAAAAHCE\/H9F9AtChmQsl9uYjHfd8TEJOq16Po8dzwCLcBGAsYHQ\/s320\/11.jpg\" alt=\"11\" src=\"data:image\/svg+xml;base64,PHN2ZyB3aWR0aD0iMSIgaGVpZ2h0PSIxIiB4bWxucz0iaHR0cDovL3d3dy53My5vcmcvMjAwMC9zdmciPjwvc3ZnPg==\" class=\"lazyload\" \/><\/a><\/figure>\n\n\n\n<p>A primeira parte do projeto tem como objetivo a constru\u00e7\u00e3o de dez dessalinizadores solares com investimentos da ONG Volunteers World Brazil (VWB) e do Conselho Nacional de Desenvolvimento Cient\u00edfico e Tecnol\u00f3gico (CNPQ), em parceria com o N\u00facleo de Extens\u00e3o Rural Agroecol\u00f3gica e Departamento de Agroecologia e Agropecu\u00e1ria da Universidade Estadual da Para\u00edba e com a Prefeitura Municipal de Camala\u00fa-PB.<br>O PROJETO SER\/T\u00c3O POT\u00c1VE preconiza a utiliza\u00e7\u00e3o da tecnologia social de dessaliniza\u00e7\u00e3o para produ\u00e7\u00e3o de \u00e1gua pot\u00e1vel a partir da utiliza\u00e7\u00e3o de energia solar em escolas p\u00fablicas da Para\u00edba<br>Segundo o professor Ezequiel S\u00f3stenes Bezerra Farias, idealizador do projeto, o intuito do projeto \u00e9 de produzir \u00e1gua de boa qualidade \u00e0 comunidade escolar e prot\u00f3tipos de car\u00e1ter did\u00e1tico para que os discentes possam intercambiar a tecnologia social com diferentes p\u00fablicos para fins de replicabilidade, desenvolvendo o protagonismo entre eles com habilidades de planejamento em equipe, observa\u00e7\u00e3o t\u00e9cnica, lideran\u00e7a grupal e experimenta\u00e7\u00e3o cient\u00edfica, estando assim, de acordo, com o modelo das Escolas Cidad\u00e3s implantadas de forma exemplar pelo Governo do Estado da Para\u00edba.<br>Ainda, segundo o mesmo, as experi\u00eancias e amizades possibilitadas por meio do Programa Gira Mundo Israel, despertaram a ideia de um projeto quem em sua produ\u00e7\u00e3o e manuten\u00e7\u00e3o ofere\u00e7a suporte t\u00e9cnico\/pedag\u00f3gico para o modelo de Educa\u00e7\u00e3o Interdimensional, contribuindo decisivamente com a forma\u00e7\u00e3o acad\u00eamica de excel\u00eancia e possibilitando a integra\u00e7\u00e3o entre Sociedade e Escola, em que a inova\u00e7\u00e3o tecnol\u00f3gica resulte em uma transforma\u00e7\u00e3o econ\u00f4mica, ambiental e social, inicialmente em Camala\u00fa e consequentemente em outras Escolas da Para\u00edba.<br>Alunos do Curso T\u00e9cnico em Agroecologia da Escola Cidad\u00e3 Integral T\u00e9cnica Estadual Pedro Bezerra Filho, desde o in\u00edcio do ano est\u00e3o passando por um processo de capacita\u00e7\u00e3o para o manuseio da tecnologia, utilizando assim,&nbsp;&nbsp;os dessalinizadores solares como ferramenta pedag\u00f3gica, al\u00e9m de um instrumento para melhorar a qualidade da \u00e1gua nas escolas p\u00fablicas, como j\u00e1 mencionado.<br><strong>Com informa\u00e7\u00f5es de Kiel S\u00f3stenes<\/strong><\/p>\n","protected":false},"excerpt":{"rendered":"<p>Por meio do Programa Gira Mundo Israel, uma pol\u00edtica p\u00fablica exitosa do Governo do Estado da Para\u00edba, o professor Kiel S\u00f3stenes da 5\u00aa Ger\u00eancia Regional&hellip; <\/p>\n","protected":false},"author":1,"featured_media":138433,"comment_status":"closed","ping_status":"closed","sticky":false,"template":"","format":"standard","meta":{"sfsi_plus_gutenberg_text_before_share":"","sfsi_plus_gutenberg_show_text_before_share":"","sfsi_plus_gutenberg_icon_type":"","sfsi_plus_gutenberg_icon_alignemt":"","sfsi_plus_gutenburg_max_per_row":"","footnotes":""},"categories":[6],"tags":[],"class_list":["post-138432","post","type-post","status-publish","format-standard","has-post-thumbnail","hentry","category-cidades"],"_links":{"self":[{"href":"https:\/\/www.caririemacao.com\/1\/wp-json\/wp\/v2\/posts\/138432","targetHints":{"allow":["GET"]}}],"collection":[{"href":"https:\/\/www.caririemacao.com\/1\/wp-json\/wp\/v2\/posts"}],"about":[{"href":"https:\/\/www.caririemacao.com\/1\/wp-json\/wp\/v2\/types\/post"}],"author":[{"embeddable":true,"href":"https:\/\/www.caririemacao.com\/1\/wp-json\/wp\/v2\/users\/1"}],"replies":[{"embeddable":true,"href":"https:\/\/www.caririemacao.com\/1\/wp-json\/wp\/v2\/comments?post=138432"}],"version-history":[{"count":1,"href":"https:\/\/www.caririemacao.com\/1\/wp-json\/wp\/v2\/posts\/138432\/revisions"}],"predecessor-version":[{"id":138434,"href":"https:\/\/www.caririemacao.com\/1\/wp-json\/wp\/v2\/posts\/138432\/revisions\/138434"}],"wp:featuredmedia":[{"embeddable":true,"href":"https:\/\/www.caririemacao.com\/1\/wp-json\/wp\/v2\/media\/138433"}],"wp:attachment":[{"href":"https:\/\/www.caririemacao.com\/1\/wp-json\/wp\/v2\/media?parent=138432"}],"wp:term":[{"taxonomy":"category","embeddable":true,"href":"https:\/\/www.caririemacao.com\/1\/wp-json\/wp\/v2\/categories?post=138432"},{"taxonomy":"post_tag","embeddable":true,"href":"https:\/\/www.caririemacao.com\/1\/wp-json\/wp\/v2\/tags?post=138432"}],"curies":[{"name":"wp","href":"https:\/\/api.w.org\/{rel}","templated":true}]}}