{"id":138436,"date":"2019-11-28T20:16:24","date_gmt":"2019-11-28T23:16:24","guid":{"rendered":"http:\/\/www.caririemacao.com\/1\/?p=138436"},"modified":"2019-11-28T20:16:24","modified_gmt":"2019-11-28T23:16:24","slug":"prataprograma-bolsa-universitaria-completa-6-anos-de-criacao","status":"publish","type":"post","link":"https:\/\/www.caririemacao.com\/1\/2019\/11\/28\/prataprograma-bolsa-universitaria-completa-6-anos-de-criacao\/","title":{"rendered":"Prata:Programa Bolsa Universit\u00e1ria completa 6 anos de cria\u00e7\u00e3o"},"content":{"rendered":"\n<p>A prefeitura Municipal de Prata na pessoa do gestor Junior N\u00f3brega sempre teve investindo na educa\u00e7\u00e3o do munic\u00edpio.<br>Em 2014 Junior N\u00f3brega criou um projeto de lei chamado Bolsa Universit\u00e1ria, que beneficiou estudantes universit\u00e1rios do munic\u00edpio de Prata.<br>No come\u00e7o do programa eram 13\u00a0 estudantes universit\u00e1rios que\u00a0 recebia 130 reais.<br>J\u00e1 em 2018 o prefeito aumentou o benef\u00edcio para R$200 reais e que atualmente 138 jovens universit\u00e1rios de Prata\u00a0 tem esse aux\u00edlio para seus estudos.<br>O programa Bolsa Universit\u00e1ria esta sendo referencia em Prata por que \u00e9 a \u00fanica do estado da Para\u00edba a realizar este grande projeto.<br>A prefeitura de Prata at\u00e9 o final do ano\u00a0 est\u00e1 investindo mais de R$300 mil reais com a Bolsa Universit\u00e1ria comentou o Prefeito Junior N\u00f3brega.<br>Com Andr\u00e9 Luiz.\u00a0 <\/p>\n","protected":false},"excerpt":{"rendered":"<p>A prefeitura Municipal de Prata na pessoa do gestor Junior N\u00f3brega sempre teve investindo na educa\u00e7\u00e3o do munic\u00edpio.Em 2014 Junior N\u00f3brega criou um projeto de&hellip; <\/p>\n","protected":false},"author":1,"featured_media":27801,"comment_status":"closed","ping_status":"closed","sticky":false,"template":"","format":"standard","meta":{"sfsi_plus_gutenberg_text_before_share":"","sfsi_plus_gutenberg_show_text_before_share":"","sfsi_plus_gutenberg_icon_type":"","sfsi_plus_gutenberg_icon_alignemt":"","sfsi_plus_gutenburg_max_per_row":"","footnotes":""},"categories":[6,50],"tags":[],"class_list":["post-138436","post","type-post","status-publish","format-standard","has-post-thumbnail","hentry","category-cidades","category-destaque"],"_links":{"self":[{"href":"https:\/\/www.caririemacao.com\/1\/wp-json\/wp\/v2\/posts\/138436","targetHints":{"allow":["GET"]}}],"collection":[{"href":"https:\/\/www.caririemacao.com\/1\/wp-json\/wp\/v2\/posts"}],"about":[{"href":"https:\/\/www.caririemacao.com\/1\/wp-json\/wp\/v2\/types\/post"}],"author":[{"embeddable":true,"href":"https:\/\/www.caririemacao.com\/1\/wp-json\/wp\/v2\/users\/1"}],"replies":[{"embeddable":true,"href":"https:\/\/www.caririemacao.com\/1\/wp-json\/wp\/v2\/comments?post=138436"}],"version-history":[{"count":1,"href":"https:\/\/www.caririemacao.com\/1\/wp-json\/wp\/v2\/posts\/138436\/revisions"}],"predecessor-version":[{"id":138437,"href":"https:\/\/www.caririemacao.com\/1\/wp-json\/wp\/v2\/posts\/138436\/revisions\/138437"}],"wp:featuredmedia":[{"embeddable":true,"href":"https:\/\/www.caririemacao.com\/1\/wp-json\/wp\/v2\/media\/27801"}],"wp:attachment":[{"href":"https:\/\/www.caririemacao.com\/1\/wp-json\/wp\/v2\/media?parent=138436"}],"wp:term":[{"taxonomy":"category","embeddable":true,"href":"https:\/\/www.caririemacao.com\/1\/wp-json\/wp\/v2\/categories?post=138436"},{"taxonomy":"post_tag","embeddable":true,"href":"https:\/\/www.caririemacao.com\/1\/wp-json\/wp\/v2\/tags?post=138436"}],"curies":[{"name":"wp","href":"https:\/\/api.w.org\/{rel}","templated":true}]}}