{"id":138441,"date":"2019-11-28T20:24:53","date_gmt":"2019-11-28T23:24:53","guid":{"rendered":"http:\/\/www.caririemacao.com\/1\/?p=138441"},"modified":"2019-11-28T20:24:53","modified_gmt":"2019-11-28T23:24:53","slug":"governador-nao-vai-a-encontro-do-psb-em-brasilia","status":"publish","type":"post","link":"https:\/\/www.caririemacao.com\/1\/2019\/11\/28\/governador-nao-vai-a-encontro-do-psb-em-brasilia\/","title":{"rendered":"Governador n\u00e3o vai a encontro do PSB em Bras\u00edlia"},"content":{"rendered":"\n<p>Na pr\u00f3xima sexta-feira (28), o PSB deve realizar uma reuni\u00e3o em Bras\u00edlia, mas uma das principais lideran\u00e7as paraibanas do partido, o governador do Estado Jo\u00e3o Azev\u00eado, vai levar falta.<\/p>\n\n\n\n<p>Segundo o ainda socialista, que j\u00e1 declarou ter planos para deixar o partido, a decis\u00e3o n\u00e3o \u00e9 pol\u00edtica.<\/p>\n\n\n\n<p>Ele disse em entrevista que, no dia do encontro, tem uma agenda com investidores da Bolsa de Valores em S\u00e3o Paulo e que a economia do Estado \u00e9 uma pauta mais importante.<\/p>\n\n\n\n<p>\u2013 Na pr\u00f3xima sexta estarei na bolsa de valores de S\u00e3o Paulo, apresentando a Para\u00edba para um grupo de empres\u00e1rio que querem investir no Estado. \u00c9 mais importante manter a economia do Estado \u2013 frisou.<\/p>\n\n\n\n<p>Jo\u00e3o tamb\u00e9m falou sobre sua poss\u00edvel sa\u00edda do jardim dos girass\u00f3is. \u201cA minha decis\u00e3o sobre ficar, ou n\u00e3o, no PSB n\u00e3o interfere na gest\u00e3o da Para\u00edba\u201d.<\/p>\n","protected":false},"excerpt":{"rendered":"<p>Na pr\u00f3xima sexta-feira (28), o PSB deve realizar uma reuni\u00e3o em Bras\u00edlia, mas uma das principais lideran\u00e7as paraibanas do partido, o governador do Estado Jo\u00e3o&hellip; <\/p>\n","protected":false},"author":1,"featured_media":138442,"comment_status":"closed","ping_status":"closed","sticky":false,"template":"","format":"standard","meta":{"sfsi_plus_gutenberg_text_before_share":"","sfsi_plus_gutenberg_show_text_before_share":"","sfsi_plus_gutenberg_icon_type":"","sfsi_plus_gutenberg_icon_alignemt":"","sfsi_plus_gutenburg_max_per_row":"","footnotes":""},"categories":[11],"tags":[],"class_list":["post-138441","post","type-post","status-publish","format-standard","has-post-thumbnail","hentry","category-politica"],"_links":{"self":[{"href":"https:\/\/www.caririemacao.com\/1\/wp-json\/wp\/v2\/posts\/138441","targetHints":{"allow":["GET"]}}],"collection":[{"href":"https:\/\/www.caririemacao.com\/1\/wp-json\/wp\/v2\/posts"}],"about":[{"href":"https:\/\/www.caririemacao.com\/1\/wp-json\/wp\/v2\/types\/post"}],"author":[{"embeddable":true,"href":"https:\/\/www.caririemacao.com\/1\/wp-json\/wp\/v2\/users\/1"}],"replies":[{"embeddable":true,"href":"https:\/\/www.caririemacao.com\/1\/wp-json\/wp\/v2\/comments?post=138441"}],"version-history":[{"count":1,"href":"https:\/\/www.caririemacao.com\/1\/wp-json\/wp\/v2\/posts\/138441\/revisions"}],"predecessor-version":[{"id":138443,"href":"https:\/\/www.caririemacao.com\/1\/wp-json\/wp\/v2\/posts\/138441\/revisions\/138443"}],"wp:featuredmedia":[{"embeddable":true,"href":"https:\/\/www.caririemacao.com\/1\/wp-json\/wp\/v2\/media\/138442"}],"wp:attachment":[{"href":"https:\/\/www.caririemacao.com\/1\/wp-json\/wp\/v2\/media?parent=138441"}],"wp:term":[{"taxonomy":"category","embeddable":true,"href":"https:\/\/www.caririemacao.com\/1\/wp-json\/wp\/v2\/categories?post=138441"},{"taxonomy":"post_tag","embeddable":true,"href":"https:\/\/www.caririemacao.com\/1\/wp-json\/wp\/v2\/tags?post=138441"}],"curies":[{"name":"wp","href":"https:\/\/api.w.org\/{rel}","templated":true}]}}