{"id":138445,"date":"2019-11-28T20:26:26","date_gmt":"2019-11-28T23:26:26","guid":{"rendered":"http:\/\/www.caririemacao.com\/1\/?p=138445"},"modified":"2019-11-28T20:26:26","modified_gmt":"2019-11-28T23:26:26","slug":"ao-lado-de-veneziano-ricardo-coutinho-defende-autorreforma-do-partido-em-conferencia-nacional-do-psb","status":"publish","type":"post","link":"https:\/\/www.caririemacao.com\/1\/2019\/11\/28\/ao-lado-de-veneziano-ricardo-coutinho-defende-autorreforma-do-partido-em-conferencia-nacional-do-psb\/","title":{"rendered":"Ao lado de Veneziano, Ricardo Coutinho defende autorreforma do partido em confer\u00eancia nacional do PSB"},"content":{"rendered":"\n<p>O ex-governador Ricardo Coutinho participou, nesta quinta-feira (28), de reuni\u00e3o de abertura na Confer\u00eancia Nacional do PSB, no Rio de Janeiro.&nbsp;Ao lado do senador Veneziano Vital do R\u00eago, Ricardo defendeu a autorreforma do partido.<\/p>\n\n\n\n<p>&#8220;N\u00f3s devemos construir o PSB como o grande partido do povo brasileiro. N\u00f3s queremos ir al\u00e9m do tradicional na pol\u00edtica, n\u00f3s queremos voltar a tocar o cora\u00e7\u00e3o do povo\u201d, disse.<\/p>\n\n\n\n<p>\u201cEstamos tornando p\u00fablico um documento-base, que ser\u00e1 enriquecido por v\u00e1rias ideias e, daqui a um ano e meio, no nosso Congresso, iremos votar n\u00e3o s\u00f3 a Carta Programa e o nosso Manifesto, mas, efetivamente, um projeto de na\u00e7\u00e3o que possa dar ao PSB um papel de protagonismo na pol\u00edtica nacional\u201d, afirmou.<\/p>\n\n\n\n<p>Participam cerca de 300 filiados, entre integrantes do Diret\u00f3rio Nacional, dirigentes da Funda\u00e7\u00e3o Jo\u00e3o Mangabeira e dos segmentos sociais do partido.<\/p>\n\n\n\n<p>Para Coutinho, \u201ca nossa base \u00e9 o trabalho, a organiza\u00e7\u00e3o social e as pol\u00edticas sociais, que mudaram completamente. Hoje n\u00f3s temos no pa\u00eds 15 milh\u00f5es de trabalhadores ditos \u2018uberizados\u2019, que n\u00e3o conseguem sequer se reunir em uma associa\u00e7\u00e3o. O desemprego no Brasil \u00e9 cr\u00f4nico e afeta 13% da popula\u00e7\u00e3o economicamente ativa\u201d.<\/p>\n\n\n\n<p>Ricardo tamb\u00e9m comentou as reformas econ\u00f4micas e legislativas que tem mudado o trabalhismo no Brasil. \u201cNo Brasil, toda reforma retira direitos do povo, mas n\u00e3o h\u00e1 uma reforma ou projeto que retire direitos do sistema financeiro\u201d, disse Coutinho.<\/p>\n\n\n\n<figure><iframe width=\"500\" height=\"281\" data-src=\"https:\/\/www.youtube.com\/embed\/NieBuVcz-Yk\" allowfullscreen=\"\" src=\"data:image\/svg+xml;base64,PHN2ZyB3aWR0aD0iMSIgaGVpZ2h0PSIxIiB4bWxucz0iaHR0cDovL3d3dy53My5vcmcvMjAwMC9zdmciPjwvc3ZnPg==\" class=\"lazyload\" data-load-mode=\"1\"><\/iframe><\/figure>\n\n\n\n<figure><iframe data-src=\"https:\/\/www.facebook.com\/plugins\/post.php?href=https%3A%2F%2Fwww.facebook.com%2Frealrcoutinho%2Fposts%2F2938563342830182&amp;width=500\" width=\"500\" height=\"770\" src=\"data:image\/svg+xml;base64,PHN2ZyB3aWR0aD0iMSIgaGVpZ2h0PSIxIiB4bWxucz0iaHR0cDovL3d3dy53My5vcmcvMjAwMC9zdmciPjwvc3ZnPg==\" class=\"lazyload\" data-load-mode=\"1\"><\/iframe><\/figure>\n\n\n\n<figure class=\"wp-block-image\"><img decoding=\"async\" data-src=\"https:\/\/www.clickpb.com.br\/media\/filer_public\/d9\/d9\/d9d9b173-4141-4a88-bfcd-818837108b9f\/49138476516_c35e8e9a78_o.jpg\" alt=\"\" src=\"data:image\/svg+xml;base64,PHN2ZyB3aWR0aD0iMSIgaGVpZ2h0PSIxIiB4bWxucz0iaHR0cDovL3d3dy53My5vcmcvMjAwMC9zdmciPjwvc3ZnPg==\" class=\"lazyload\" \/><\/figure>\n\n\n\n<figure class=\"wp-block-image\"><img decoding=\"async\" data-src=\"https:\/\/www.clickpb.com.br\/media\/filer_public\/e3\/fd\/e3fd6b32-1575-4789-9798-c5795d8b7582\/49138476236_db4bcb28f4_o.jpg\" alt=\"\" src=\"data:image\/svg+xml;base64,PHN2ZyB3aWR0aD0iMSIgaGVpZ2h0PSIxIiB4bWxucz0iaHR0cDovL3d3dy53My5vcmcvMjAwMC9zdmciPjwvc3ZnPg==\" class=\"lazyload\" \/><\/figure>\n\n\n\n<figure class=\"wp-block-image\"><img decoding=\"async\" data-src=\"https:\/\/www.clickpb.com.br\/media\/filer_public\/79\/79\/797925be-7a4d-4f53-8c5b-5af8e7b42902\/49138445801_e7b17c3013_o.jpg\" alt=\"\" src=\"data:image\/svg+xml;base64,PHN2ZyB3aWR0aD0iMSIgaGVpZ2h0PSIxIiB4bWxucz0iaHR0cDovL3d3dy53My5vcmcvMjAwMC9zdmciPjwvc3ZnPg==\" class=\"lazyload\" \/><\/figure>\n","protected":false},"excerpt":{"rendered":"<p>O ex-governador Ricardo Coutinho participou, nesta quinta-feira (28), de reuni\u00e3o de abertura na Confer\u00eancia Nacional do PSB, no Rio de Janeiro.&nbsp;Ao lado do senador Veneziano&hellip; <\/p>\n","protected":false},"author":1,"featured_media":138446,"comment_status":"closed","ping_status":"closed","sticky":false,"template":"","format":"standard","meta":{"sfsi_plus_gutenberg_text_before_share":"","sfsi_plus_gutenberg_show_text_before_share":"","sfsi_plus_gutenberg_icon_type":"","sfsi_plus_gutenberg_icon_alignemt":"","sfsi_plus_gutenburg_max_per_row":"","footnotes":""},"categories":[11],"tags":[],"class_list":["post-138445","post","type-post","status-publish","format-standard","has-post-thumbnail","hentry","category-politica"],"_links":{"self":[{"href":"https:\/\/www.caririemacao.com\/1\/wp-json\/wp\/v2\/posts\/138445","targetHints":{"allow":["GET"]}}],"collection":[{"href":"https:\/\/www.caririemacao.com\/1\/wp-json\/wp\/v2\/posts"}],"about":[{"href":"https:\/\/www.caririemacao.com\/1\/wp-json\/wp\/v2\/types\/post"}],"author":[{"embeddable":true,"href":"https:\/\/www.caririemacao.com\/1\/wp-json\/wp\/v2\/users\/1"}],"replies":[{"embeddable":true,"href":"https:\/\/www.caririemacao.com\/1\/wp-json\/wp\/v2\/comments?post=138445"}],"version-history":[{"count":1,"href":"https:\/\/www.caririemacao.com\/1\/wp-json\/wp\/v2\/posts\/138445\/revisions"}],"predecessor-version":[{"id":138447,"href":"https:\/\/www.caririemacao.com\/1\/wp-json\/wp\/v2\/posts\/138445\/revisions\/138447"}],"wp:featuredmedia":[{"embeddable":true,"href":"https:\/\/www.caririemacao.com\/1\/wp-json\/wp\/v2\/media\/138446"}],"wp:attachment":[{"href":"https:\/\/www.caririemacao.com\/1\/wp-json\/wp\/v2\/media?parent=138445"}],"wp:term":[{"taxonomy":"category","embeddable":true,"href":"https:\/\/www.caririemacao.com\/1\/wp-json\/wp\/v2\/categories?post=138445"},{"taxonomy":"post_tag","embeddable":true,"href":"https:\/\/www.caririemacao.com\/1\/wp-json\/wp\/v2\/tags?post=138445"}],"curies":[{"name":"wp","href":"https:\/\/api.w.org\/{rel}","templated":true}]}}