{"id":138482,"date":"2019-11-29T08:36:55","date_gmt":"2019-11-29T11:36:55","guid":{"rendered":"http:\/\/www.caririemacao.com\/1\/?p=138482"},"modified":"2019-11-29T08:36:55","modified_gmt":"2019-11-29T11:36:55","slug":"homem-e-preso-em-flagrante-acusado-de-estuprar-a-propria-filha-de-13-anos","status":"publish","type":"post","link":"https:\/\/www.caririemacao.com\/1\/2019\/11\/29\/homem-e-preso-em-flagrante-acusado-de-estuprar-a-propria-filha-de-13-anos\/","title":{"rendered":"Homem \u00e9 preso em flagrante acusado de estuprar a pr\u00f3pria filha de 13 anos"},"content":{"rendered":"\n<p>Um homem foi preso na tarde desta quinta-feira (28), suspeito de estuprar a pr\u00f3pria filha de 13 anos. Ele \u00e9 um presidi\u00e1rio cumprindo pena em regime semi-aberto.<\/p>\n\n\n\n<p>Davi Jos\u00e9 Trajano da Silva foi autuado em flagrante delito por pr\u00e1tica de estupro de vulner\u00e1vel.&nbsp;<\/p>\n\n\n\n<p>De acordo com a pol\u00edcia, o suspeito j\u00e1 cumpriu pena por homic\u00eddio e roubo a banco em Pernambuco.<\/p>\n\n\n\n<p>A delegada Joana D&#8217;Arc Sampaio Nunes, da Delegacia de Repress\u00e3o aos Crimes Contra a Juventude e Inf\u00e2ncia, investiga o caso.<\/p>\n","protected":false},"excerpt":{"rendered":"<p>Um homem foi preso na tarde desta quinta-feira (28), suspeito de estuprar a pr\u00f3pria filha de 13 anos. Ele \u00e9 um presidi\u00e1rio cumprindo pena em&hellip; <\/p>\n","protected":false},"author":1,"featured_media":105260,"comment_status":"closed","ping_status":"closed","sticky":false,"template":"","format":"standard","meta":{"sfsi_plus_gutenberg_text_before_share":"","sfsi_plus_gutenberg_show_text_before_share":"","sfsi_plus_gutenberg_icon_type":"","sfsi_plus_gutenberg_icon_alignemt":"","sfsi_plus_gutenburg_max_per_row":"","footnotes":""},"categories":[12],"tags":[],"class_list":["post-138482","post","type-post","status-publish","format-standard","has-post-thumbnail","hentry","category-policia"],"_links":{"self":[{"href":"https:\/\/www.caririemacao.com\/1\/wp-json\/wp\/v2\/posts\/138482","targetHints":{"allow":["GET"]}}],"collection":[{"href":"https:\/\/www.caririemacao.com\/1\/wp-json\/wp\/v2\/posts"}],"about":[{"href":"https:\/\/www.caririemacao.com\/1\/wp-json\/wp\/v2\/types\/post"}],"author":[{"embeddable":true,"href":"https:\/\/www.caririemacao.com\/1\/wp-json\/wp\/v2\/users\/1"}],"replies":[{"embeddable":true,"href":"https:\/\/www.caririemacao.com\/1\/wp-json\/wp\/v2\/comments?post=138482"}],"version-history":[{"count":1,"href":"https:\/\/www.caririemacao.com\/1\/wp-json\/wp\/v2\/posts\/138482\/revisions"}],"predecessor-version":[{"id":138483,"href":"https:\/\/www.caririemacao.com\/1\/wp-json\/wp\/v2\/posts\/138482\/revisions\/138483"}],"wp:featuredmedia":[{"embeddable":true,"href":"https:\/\/www.caririemacao.com\/1\/wp-json\/wp\/v2\/media\/105260"}],"wp:attachment":[{"href":"https:\/\/www.caririemacao.com\/1\/wp-json\/wp\/v2\/media?parent=138482"}],"wp:term":[{"taxonomy":"category","embeddable":true,"href":"https:\/\/www.caririemacao.com\/1\/wp-json\/wp\/v2\/categories?post=138482"},{"taxonomy":"post_tag","embeddable":true,"href":"https:\/\/www.caririemacao.com\/1\/wp-json\/wp\/v2\/tags?post=138482"}],"curies":[{"name":"wp","href":"https:\/\/api.w.org\/{rel}","templated":true}]}}