{"id":138486,"date":"2019-11-29T08:40:55","date_gmt":"2019-11-29T11:40:55","guid":{"rendered":"http:\/\/www.caririemacao.com\/1\/?p=138486"},"modified":"2019-11-29T08:40:55","modified_gmt":"2019-11-29T11:40:55","slug":"justica-condena-mulher-a-25-anos-de-prisao-por-matar-filho-gay","status":"publish","type":"post","link":"https:\/\/www.caririemacao.com\/1\/2019\/11\/29\/justica-condena-mulher-a-25-anos-de-prisao-por-matar-filho-gay\/","title":{"rendered":"Justi\u00e7a condena mulher a 25 anos de pris\u00e3o por matar filho gay"},"content":{"rendered":"\n<p>&nbsp;A Justi\u00e7a condenou a 25 anos e oito meses de pris\u00e3o Tatiana Ferreira Lozano Pereira, a m\u00e3e acusada de matar a facadas o filho, Itaberlly Lozano, 17, em Cravinhos, regi\u00e3o de Ribeir\u00e3o Preto. De acordo com a promotoria, a motiva\u00e7\u00e3o do crime seria homofobia, pelo fato de Itaberlly ser homossexual.&nbsp;<\/p>\n\n\n\n<p>O caso ocorreu em 29 dezembro de 2016, mas o corpo do jovem s\u00f3 foi encontrado em um canavial em 7 de janeiro do ano seguinte. O j\u00fari tamb\u00e9m condenou Victor Roberto da Silva, 21, e Miller da Silva Barissa, 20, acusados de participarem do plano para assassinar o jovem, a 21 anos e oito meses de reclus\u00e3o.&nbsp;<\/p>\n\n\n\n<p>As defesas de Tatiana, Victor e Miller informaram que v\u00e3o recorrer das senten\u00e7as.<br>O padrasto de Itaberlly, o tratorista Alex Canteli Pereira, que seria julgado por ter ajudado a colocar fogo no corpo do enteado e depois na oculta\u00e7\u00e3o do cad\u00e1ver, foi dispensado do j\u00fari porque o advogado Hamilton Paulino Pereira J\u00fanior, o mesmo de Tatiana, renunciou \u00e0 defesa dele, alegando conflito de interesses. Alex ser\u00e1 julgado em nova data.<\/p>\n\n\n\n<p>Ap\u00f3s dois dias de julgamento e um processo de 1.600 p\u00e1ginas, Tatiana foi condenada pelos crimes de homic\u00eddio, corrup\u00e7\u00e3o de menores e oculta\u00e7\u00e3o de cad\u00e1ver. Victor e Miller foram condenados pelos crimes de homic\u00eddio e corrup\u00e7\u00e3o de menores. Tatiana j\u00e1 cumpre a pena na penitenci\u00e1ria de Trememb\u00e9.&nbsp;<\/p>\n\n\n\n<p>&#8220;A senten\u00e7a foi justa e alcan\u00e7amos o nosso objetivo nesse processo longo e dif\u00edcil. Foram ouvidas 20 testemunhas (al\u00e9m dos acusados). Foi uma vit\u00f3ria para a sociedade, acima de tudo, e para os amigos e familiares que gostavam de Itaberlly&#8221;, afirma o promotor do caso, Eliseu Berardo.&nbsp;<\/p>\n\n\n\n<p>A investiga\u00e7\u00e3o, apontou que Tatiana e e a v\u00edtima brigaram na segunda quinzena de dezembro e o jovem foi morar com a av\u00f3 paterna.&nbsp;<\/p>\n\n\n\n<p>De acordo com a Promotoria, no dia do crime, Tatiana atraiu o filho para casa com a ajuda de uma adolescente, de 16 anos, e dos r\u00e9us Victor e Miller.<\/p>\n\n\n\n<p>Segundo a vers\u00e3o policial, a m\u00e3e ligou para o filho no dia do crime e simulou ter feito as pazes e combinou com Miler e Victor para que eles fossem buscar Itaberlly na casa da av\u00f3 e o levassem at\u00e9 a casa da m\u00e3e. Quando entraram na garagem, emboscaram o jovem e teriam come\u00e7ado a espanc\u00e1-lo.&nbsp;<\/p>\n\n\n\n<p>Os dois acusados teriam espancado Itaberlly, mas a m\u00e3e o matou com uma facada no pesco\u00e7o. O marido a teria ajudado a levar o corpo at\u00e9 um canavial, na Rodovia Jos\u00e9 Fregonezi, em Cravinhos. A adolescente cumpre medida socioeducativa na Funda\u00e7\u00e3o Casa.<\/p>\n\n\n\n<p>Apesar de o crime ter sido cometido em Cravinhos, houve um pedido de desaforamento da defesa para que a Justi\u00e7a daquela cidade n\u00e3o fosse a respons\u00e1vel pelo julgamento do caso devido \u00e0 intensa repercuss\u00e3o em Cravinhos.<\/p>\n\n\n\n<p>&#8220;Todos foram condenados a pena m\u00e1xima. Para n\u00f3s, fica a sensa\u00e7\u00e3o de justi\u00e7a&#8221;, disse o advogado de acusa\u00e7\u00e3o Wagner Severino Sim\u00f5es. Ele foi contratado pela fam\u00edlia de Itaberlly.<\/p>\n\n\n\n<p>O advogado de defesa de Tatiana, Hamilton Pereira J\u00fanior, informou que j\u00e1 entrou com recurso e que recorre da decis\u00e3o para pelo menos diminuir a pena. De acordo com Wagner Sim\u00f5es, pela senten\u00e7a, Tatiana deve cumprir no m\u00ednimo dez anos em regime fechado.<\/p>\n","protected":false},"excerpt":{"rendered":"<p>&nbsp;A Justi\u00e7a condenou a 25 anos e oito meses de pris\u00e3o Tatiana Ferreira Lozano Pereira, a m\u00e3e acusada de matar a facadas o filho, Itaberlly&hellip; <\/p>\n","protected":false},"author":1,"featured_media":138487,"comment_status":"closed","ping_status":"closed","sticky":false,"template":"","format":"standard","meta":{"sfsi_plus_gutenberg_text_before_share":"","sfsi_plus_gutenberg_show_text_before_share":"","sfsi_plus_gutenberg_icon_type":"","sfsi_plus_gutenberg_icon_alignemt":"","sfsi_plus_gutenburg_max_per_row":"","footnotes":""},"categories":[12],"tags":[],"class_list":["post-138486","post","type-post","status-publish","format-standard","has-post-thumbnail","hentry","category-policia"],"_links":{"self":[{"href":"https:\/\/www.caririemacao.com\/1\/wp-json\/wp\/v2\/posts\/138486","targetHints":{"allow":["GET"]}}],"collection":[{"href":"https:\/\/www.caririemacao.com\/1\/wp-json\/wp\/v2\/posts"}],"about":[{"href":"https:\/\/www.caririemacao.com\/1\/wp-json\/wp\/v2\/types\/post"}],"author":[{"embeddable":true,"href":"https:\/\/www.caririemacao.com\/1\/wp-json\/wp\/v2\/users\/1"}],"replies":[{"embeddable":true,"href":"https:\/\/www.caririemacao.com\/1\/wp-json\/wp\/v2\/comments?post=138486"}],"version-history":[{"count":1,"href":"https:\/\/www.caririemacao.com\/1\/wp-json\/wp\/v2\/posts\/138486\/revisions"}],"predecessor-version":[{"id":138488,"href":"https:\/\/www.caririemacao.com\/1\/wp-json\/wp\/v2\/posts\/138486\/revisions\/138488"}],"wp:featuredmedia":[{"embeddable":true,"href":"https:\/\/www.caririemacao.com\/1\/wp-json\/wp\/v2\/media\/138487"}],"wp:attachment":[{"href":"https:\/\/www.caririemacao.com\/1\/wp-json\/wp\/v2\/media?parent=138486"}],"wp:term":[{"taxonomy":"category","embeddable":true,"href":"https:\/\/www.caririemacao.com\/1\/wp-json\/wp\/v2\/categories?post=138486"},{"taxonomy":"post_tag","embeddable":true,"href":"https:\/\/www.caririemacao.com\/1\/wp-json\/wp\/v2\/tags?post=138486"}],"curies":[{"name":"wp","href":"https:\/\/api.w.org\/{rel}","templated":true}]}}