{"id":138495,"date":"2019-11-29T08:44:51","date_gmt":"2019-11-29T11:44:51","guid":{"rendered":"http:\/\/www.caririemacao.com\/1\/?p=138495"},"modified":"2019-11-29T08:44:51","modified_gmt":"2019-11-29T11:44:51","slug":"marina-ruy-barbosa-critica-pessoas-que-fazem-selfies-em-velorio-de-gugu","status":"publish","type":"post","link":"https:\/\/www.caririemacao.com\/1\/2019\/11\/29\/marina-ruy-barbosa-critica-pessoas-que-fazem-selfies-em-velorio-de-gugu\/","title":{"rendered":"Marina Ruy Barbosa critica pessoas que fazem selfies em vel\u00f3rio de Gugu"},"content":{"rendered":"\n<p>A atriz Marina Ruy Barbosa usou as redes sociais nesta quinta-feira (28) para criticar as pessoas que est\u00e3o fazendo selfies no vel\u00f3rio de Gugu Liberato, que acontece na Alesp (Assembleia Legislativa de S\u00e3o Paulo).<\/p>\n\n\n\n<p>&#8220;Vel\u00f3rio n\u00e3o \u00e9 lugar para tirar foto\/selfie&#8221;, disse Marina, em seu perfil no Twitter.<\/p>\n\n\n\n<p>&#8220;Uma coisa que n\u00e3o entendo e acho m\u00f3rbido: Por qual motivo uma pessoa que morreu, ganha milhares de seguidores nas redes sociais? Qual o intuito de seguir algu\u00e9m depois da morte anunciada?!&#8221;, desabafou a atriz.&nbsp;<\/p>\n\n\n\n<p>Marina Ruy Barbosa disse ainda ter ficado &#8220;chocada como a gente est\u00e1 usando errado a internet. S\u00e9rio.&#8221;&nbsp; &#8220;Eu fico pensando quando algu\u00e9m morre&#8230; E vejo tantas homenagens&#8230; Ser\u00e1 que essa pessoa sabia que era t\u00e3o amada? Que tinha tanta gente que se importava com ela? Ser\u00e1 que ainda -em vida-, essas pessoas mostravam seu carinho pra ela?&#8221;, reflete a atriz.<\/p>\n\n\n\n<p>&#8220;Sei l\u00e1, s\u00f3 um desabafo e reflex\u00e3o mesmo. Vamos aproveitar a vida para homenagear, amar, prestigiar, seguir, dar like, ligar, mandar mensagens, apoiar&#8230; \u00c9 t\u00e3o bom e necess\u00e1rio receber carinho&#8221;, disse Marina, que lembrou ainda da morte de sua amiga, Maysa Marques Mussi, que estava no avi\u00e3o bimotor, que caiu no munic\u00edpio de Marau, na Bahia, com piloto da Stock Car, Tuka Rocha, entre outras pessoas.<\/p>\n\n\n\n<p>&#8220;Mas e minha amiga que n\u00e3o era famosa, e ganhou mais de 20 mil seguidores?! Que sentido faz?&#8221;, questiona a atriz, em resposta a internauta.&nbsp;<\/p>\n\n\n\n<p><strong>VEL\u00d3RIO DE GUGU LIBERATO<\/strong><\/p>\n\n\n\n<p>O vel\u00f3rio do apresentador Gugu Liberato, que morreu na semana passada ap\u00f3s uma queda em sua casa, atraiu f\u00e3s de todo o pa\u00eds nesta quinta-feira (28). Entre os tr\u00eas primeiros da fila diante da Alesp (Assembleia Legislativa de S\u00e3o Paulo), onde acontece o vel\u00f3rio, estavam f\u00e3s de Bahia e Alagoas, que viajaram para fazer uma homenagem ao artista.&nbsp;<\/p>\n\n\n\n<p>Apesar de o vel\u00f3rio estar marcado para a tarde desta quinta, o primeiro a chegar ao local da cerim\u00f4nia, ainda na madrugada, foi o gari desempregado Saulo Duarte Soares, 33, de Juqui\u00e1, no Vale do Ribeira, que foi com uma camiseta repleta de cora\u00e7\u00f5es com mensagens para o apresentador.&nbsp;<\/p>\n\n\n\n<p>&#8220;Cada palavra [espalhadas em cora\u00e7\u00f5es na sua camiseta] tem um significado: fam\u00edlia, amigo, for\u00e7a, paz, solidariedade. Ele n\u00e3o me ajudou diretamente, mas \u00e9 como se tivesse. Eu acho que aquele que faz bem para uma pessoa est\u00e1 fazendo bem para mim.<\/p>\n\n\n\n<p>O nosso pa\u00eds necessita de mais pessoas como ele&#8221;, afirmou ele.<\/p>\n\n\n\n<p>Antonio da Paz, 64, segundo da fila, veio de Ubat\u00e3, no sul da Bahia, a mais de 1.600 km da capital paulista, para acompanhar de perto a despedida de Gugu. &#8220;Assim que eu soube que ele faleceu, viajei pra c\u00e1 pra fazer as minhas homenagens&#8221;, disse o vendedor aut\u00f4nomo. Antonio diz que a morte do apresentador &#8220;deixa um vazio e uma tristeza imensa.&#8221;<\/p>\n\n\n\n<p><strong>MORTE DE GUGU<\/strong><\/p>\n\n\n\n<p>O apresentador Gugu Liberato, 60, teve a morte confirmada na noite da \u00faltima sexta-feira (22) ap\u00f3s ele passar dois dias internado em um hospital de Orlando, na Fl\u00f3rida, Estados Unidos, em decorr\u00eancia de uma queda sofrida em casa. Ele despencou de uma altura de quatro metros, quando fazia um reparo no ar-condicionado instalado no s\u00f3t\u00e3o.&nbsp;<\/p>\n\n\n\n<p>Cerca de duas semanas antes do acidente, Gugu foi dado como morto pela rede social da pr\u00f3pria emissora, a Record. Na ocasi\u00e3o, ele teve de ir a p\u00fablico confirmar que estava bem. &#8220;Pessoal, algu\u00e9m publicou que eu tive um enfarto. \u00c9 fake, t\u00e1? Estou muito bem, obrigado&#8221;, escreveu ele em seu Twitter.&nbsp;<\/p>\n\n\n\n<p>Ap\u00f3s a queda sofrida em sua casa, os m\u00e9dicos constaram que o apresentador n\u00e3o apresentava mais atividade cerebral, segundo a nota de falecimento, que n\u00e3o especifica a data exata da morte. Os familiares ent\u00e3o autorizaram a doa\u00e7\u00e3o de todos os seus \u00f3rg\u00e3os, o que poderia beneficiar at\u00e9 50 pessoas.&nbsp;<\/p>\n\n\n\n<p>O presidente Jair Bolsonaro (PSL) lamentou a morte do apresentador em suas redes sociais: &#8220;O pa\u00eds perde um dos maiores nomes da comunica\u00e7\u00e3o televisiva, que por d\u00e9cadas levou informa\u00e7\u00e3o e alegria aos lares brasileiros. Que Deus o receba de bra\u00e7os abertos e conforte os cora\u00e7\u00f5es de todos&#8221;, disse a mensagem.&nbsp;<\/p>\n\n\n\n<p>J\u00e1 o governador de S\u00e3o Paulo, Jo\u00e3o Doria (PSDB), decretou luto de tr\u00eas dias em raz\u00e3o da morte do apresentador, que ele classificou como &#8220;um de seus principais comunicadores&#8221;: &#8220;O Brasil perde um talento&#8221;, afirmou em nota. J\u00e1 a Assembleia Legislativa ofereceu o sal\u00e3o nobre para a realiza\u00e7\u00e3o do vel\u00f3rio.&nbsp;<\/p>\n\n\n\n<p>Gugu Liberato deixa a mulher, Rose Miriam, e tr\u00eas filhos: Jo\u00e3o Augusto, de 17 anos, e as g\u00eameas Marina e Sofia. O vel\u00f3rio acontece nesta quinta-feira (28) na Alesp (Assembleia Legislativa de S\u00e3o Paulo). A cerim\u00f4nia, aberta ao p\u00fablico, deve seguir at\u00e9 a manh\u00e3 desta sexta (29). Depois, Gugu ser\u00e1 levado em carro de bombeiros para o Cemit\u00e9rio Geths\u00eamani, no Morumbi, onde ser\u00e1 sepultado no jazigo da fam\u00edlia. O enterro ser\u00e1 no mesmo dia em que aconteceu o de seu pai, dez anos atr\u00e1s.&nbsp;<\/p>\n\n\n\n<p><strong>TRAJET\u00d3RIA&nbsp;<\/strong><\/p>\n\n\n\n<p>Gugu, que come\u00e7ou a trabalhar como office-boy em uma imobili\u00e1ria em S\u00e3o Paulo, teve uma carreira repleta de sucessos e pol\u00eamicas, que incluem desde a famosa Banheira do Gugu at\u00e9 uma entrevista com supostos membros do PCC que faziam amea\u00e7as a pol\u00edticos e jornalistas \u2013desmentida pela pr\u00f3pria fac\u00e7\u00e3o.&nbsp;<\/p>\n\n\n\n<p>Ele contou \u00e0 Folha na d\u00e9cada de 1990 que chegou a mandar cartas para Silvio Santos, com ideias e sugest\u00f5es para os programas dele, at\u00e9 que foi chamado. Silvio resolveu dar uma chance ao menino, na \u00e9poca com apenas 14 anos, contratando-o como assistente de produ\u00e7\u00e3o, quando o apresentador ainda estava na Globo.&nbsp;<\/p>\n\n\n\n<p>Ao conseguir a concess\u00e3o que daria origem ao SBT, Silvio deu a oportunidade de apresentador a Gugu. Passou pelo Viva a Noite, Passa ou Repassa, Sabad\u00e3o Sertanejo e Domingo Legal, onde se consolidou, chegando a mudar de hor\u00e1rio para competir diretamente com o Doming\u00e3o do Faust\u00e3o (Globo), at\u00e9 ent\u00e3o l\u00edder no hor\u00e1rio.&nbsp;<\/p>\n\n\n\n<p>Gugu estreou na Record em 2009, onde hoje apresentava os realities Power Couple Brasil e Canta Comigo. Esse \u00faltimo est\u00e1 hoje na reta final da segunda temporada.<\/p>\n\n\n\n<p>Segundo a Record, o apresentador chegou a gravar a final, prevista at\u00e9 ent\u00e3o para ir ao ar dia 4 de dezembro.<\/p>\n\n\n\n<p>Gugu tamb\u00e9m foi o respons\u00e1vel por alavancar a carreira de algumas boy bands famosas dos anos 1980 e 1990. Entre elas, o Domin\u00f3, que estourou em 1984 com Afonso Nigro, Nill, Marcos Quintela e Marcelo Rodrigues, e o Polegar, que tinha entre os membros o cantor Rafael Ilha, que virou celebridade ainda crian\u00e7a.&nbsp;<\/p>\n\n\n\n<p><strong>REPERCUSS\u00c3O<\/strong><\/p>\n\n\n\n<p>Ana Maria Braga, Xuxa, Ana Hickmann, F\u00e1tima Bernardes, Luan Santana e outros famosos lamentaram a morte de Gugu. &#8220;Triste como amigo, triste como admirador, triste como colega, triste como telespectador. O Brasil perde um comunicador que enxergava na televis\u00e3o uma ferramenta poderosa para falar com o povo&#8221;, afirmou Luciano Huck.&nbsp;<\/p>\n\n\n\n<p>Faust\u00e3o aproveitou para esclarecer que nunca houve rivalidade com o colega: &#8220;Embora n\u00e3o tiv\u00e9ssemos amizade, sempre tivemos uma rela\u00e7\u00e3o muito cordial e educada. N\u00f3s, que disputamos a audi\u00eancia por muitos anos, fomos advers\u00e1rios, mas jamais inimigos.<\/p>\n\n\n\n<p>Aqui, da galera do Doming\u00e3o, uma homenagem a Augusto Liberato, que foi uma das figuras mais importantes da hist\u00f3ria da televis\u00e3o no Brasil&#8221;.&nbsp;<\/p>\n\n\n\n<p>J\u00e1 o colega de emissora Rodrigo Faro fez uma edi\u00e7\u00e3o emocionada do programa A Hora do Faro no \u00faltimo domingo (24), mas acabou cometendo uma gafe, ao perguntar se a audi\u00eancia estava boa, sem perceber que estava sendo gravado. Alguns internautas se revoltaram e o acusaram de &#8220;amigo da on\u00e7a&#8221; nas redes sociais.&nbsp;<\/p>\n","protected":false},"excerpt":{"rendered":"<p>A atriz Marina Ruy Barbosa usou as redes sociais nesta quinta-feira (28) para criticar as pessoas que est\u00e3o fazendo selfies no vel\u00f3rio de Gugu Liberato,&hellip; <\/p>\n","protected":false},"author":1,"featured_media":138496,"comment_status":"closed","ping_status":"closed","sticky":false,"template":"","format":"standard","meta":{"sfsi_plus_gutenberg_text_before_share":"","sfsi_plus_gutenberg_show_text_before_share":"","sfsi_plus_gutenberg_icon_type":"","sfsi_plus_gutenberg_icon_alignemt":"","sfsi_plus_gutenburg_max_per_row":"","footnotes":""},"categories":[2],"tags":[],"class_list":["post-138495","post","type-post","status-publish","format-standard","has-post-thumbnail","hentry","category-geral"],"_links":{"self":[{"href":"https:\/\/www.caririemacao.com\/1\/wp-json\/wp\/v2\/posts\/138495","targetHints":{"allow":["GET"]}}],"collection":[{"href":"https:\/\/www.caririemacao.com\/1\/wp-json\/wp\/v2\/posts"}],"about":[{"href":"https:\/\/www.caririemacao.com\/1\/wp-json\/wp\/v2\/types\/post"}],"author":[{"embeddable":true,"href":"https:\/\/www.caririemacao.com\/1\/wp-json\/wp\/v2\/users\/1"}],"replies":[{"embeddable":true,"href":"https:\/\/www.caririemacao.com\/1\/wp-json\/wp\/v2\/comments?post=138495"}],"version-history":[{"count":1,"href":"https:\/\/www.caririemacao.com\/1\/wp-json\/wp\/v2\/posts\/138495\/revisions"}],"predecessor-version":[{"id":138497,"href":"https:\/\/www.caririemacao.com\/1\/wp-json\/wp\/v2\/posts\/138495\/revisions\/138497"}],"wp:featuredmedia":[{"embeddable":true,"href":"https:\/\/www.caririemacao.com\/1\/wp-json\/wp\/v2\/media\/138496"}],"wp:attachment":[{"href":"https:\/\/www.caririemacao.com\/1\/wp-json\/wp\/v2\/media?parent=138495"}],"wp:term":[{"taxonomy":"category","embeddable":true,"href":"https:\/\/www.caririemacao.com\/1\/wp-json\/wp\/v2\/categories?post=138495"},{"taxonomy":"post_tag","embeddable":true,"href":"https:\/\/www.caririemacao.com\/1\/wp-json\/wp\/v2\/tags?post=138495"}],"curies":[{"name":"wp","href":"https:\/\/api.w.org\/{rel}","templated":true}]}}