{"id":138500,"date":"2019-11-29T08:47:36","date_gmt":"2019-11-29T11:47:36","guid":{"rendered":"http:\/\/www.caririemacao.com\/1\/?p=138500"},"modified":"2019-11-29T08:47:36","modified_gmt":"2019-11-29T11:47:36","slug":"tenho-dificuldades-serissimas-em-muitas-areas-admite-bolsonaro","status":"publish","type":"post","link":"https:\/\/www.caririemacao.com\/1\/2019\/11\/29\/tenho-dificuldades-serissimas-em-muitas-areas-admite-bolsonaro\/","title":{"rendered":"Tenho dificuldades ser\u00edssimas em muitas \u00e1reas\u2019, admite Bolsonaro"},"content":{"rendered":"\n<p>O presidente Jair Bolsonaro afirmou, nesta quinta-feira, que sente problemas no cargo e que enfrenta &#8220;dificuldades ser\u00edssimas&#8221; em algumas \u00e1reas do governo. Ele fez um pronunciamento na abertura do 3\u00ba F\u00f3rum Nacional de Controle, que aconteceu no Tribunal de Contas da Uni\u00e3o (TCU) nesta manh\u00e3.<\/p>\n\n\n\n<p>\u2014 Eu encaro o que se faz aqui nesse momento, essa reuni\u00e3o, essa busca em uniformizar procedimentos, tamb\u00e9m um alerta que os senhores v\u00e3o emitir tendo algum problema naquele estado, munic\u00edpio ou junto ao executivo, como aliado nosso. N\u00f3s temos que encarar isso tudo como pessoas de bem com conhecimento de que administra\u00e7\u00e3o p\u00fablica n\u00e3o \u00e9 f\u00e1cil, eu tenho dificuldades ser\u00edssimas em muitas \u00e1reas ainda \u2014 disse o presidente.<\/p>\n\n\n\n<p>Bolsonaro justificou suas dificuldades pela complexidade da administra\u00e7\u00e3o p\u00fablica e por n\u00e3o ter forma\u00e7\u00e3o na \u00e1rea.<\/p>\n\n\n\n<p>\u2014 Minha forma\u00e7\u00e3o foi outra e mesmo quando \u00e9 da forma\u00e7\u00e3o, tem dificuldade. Todo dia s\u00e3o dezenas de novas normas, novas recomenda\u00e7\u00f5es, \u00e9 praticamente imposs\u00edvel a gente tomar p\u00e9 de tudo e poder governar dessa maneira. Precisamos dessa equipe e eu considero o TCU como um das pe\u00e7as mais importantes nessa equipe de governan\u00e7a e integridade \u2014 disse.<\/p>\n\n\n\n<p>O TCU \u00e9 um \u00f3rg\u00e3o de controle externo do governo federal que acompanha a execu\u00e7\u00e3o or\u00e7ament\u00e1ria do pa\u00eds e organizou o evento para &#8220;integrar&#8221; as institui\u00e7\u00f5es de controle de diferentes esferas de governo. No pronunciamento, Bolsonaro confessou que tem muita preocupa\u00e7\u00e3o e que deve se antecipar aos problemas.<\/p>\n\n\n\n<p>\u2014 Sou o chefe do Executivo. Confesso que tenho muita preocupa\u00e7\u00e3o e esse evento visa exatamente nos tranquilizar, acho que todos n\u00f3s, at\u00e9 dentro de casa, queremos e devemos nos antecipar a problemas \u2014 afirmou.<\/p>\n\n\n\n<p><strong>Elei\u00e7\u00e3o<\/strong><br><\/p>\n\n\n\n<p>Bolsonaro disse que v\u00ea um cen\u00e1rio de poucos candidatos para as prefeituras nas elei\u00e7\u00f5es de 2020. Ele justifica essa vis\u00e3o pelos \u201cproblemas\u201d com a Justi\u00e7a que podem ocorrer depois do mandato.<\/p>\n\n\n\n<p>\u2014 O que leva a um desest\u00edmulo a uma carreira pol\u00edtica, em especial no caso do executivo, s\u00e3o os problemas que adv\u00e9m depois do mandato. Tenho visto colegas que de boa-f\u00e9 exerceram seu mandato, mas n\u00e3o com o devido zelo e muitas vezes por desconhecimento se veem enrolados com a Justi\u00e7a e muitos levam 10, 15, at\u00e9 20 anos para voltar a ter paz, isto n\u00e3o \u00e9 f\u00e1cil \u2014 disse o presidente.<\/p>\n\n\n\n<p>Segundo o presidente, a meta do governo \u00e9 entregar um pa\u00eds melhor para o seu sucessor. Bolsonaro ainda agradeceu ao trabalho do Tribunal de Contas e disse que o \u00f3rg\u00e3o \u00e9 uma das pe\u00e7as mais importantes da \u201cequipe&#8221; do governo.<\/p>\n","protected":false},"excerpt":{"rendered":"<p>O presidente Jair Bolsonaro afirmou, nesta quinta-feira, que sente problemas no cargo e que enfrenta &#8220;dificuldades ser\u00edssimas&#8221; em algumas \u00e1reas do governo. Ele fez um&hellip; <\/p>\n","protected":false},"author":1,"featured_media":132568,"comment_status":"closed","ping_status":"closed","sticky":false,"template":"","format":"standard","meta":{"sfsi_plus_gutenberg_text_before_share":"","sfsi_plus_gutenberg_show_text_before_share":"","sfsi_plus_gutenberg_icon_type":"","sfsi_plus_gutenberg_icon_alignemt":"","sfsi_plus_gutenburg_max_per_row":"","footnotes":""},"categories":[11],"tags":[],"class_list":["post-138500","post","type-post","status-publish","format-standard","has-post-thumbnail","hentry","category-politica"],"_links":{"self":[{"href":"https:\/\/www.caririemacao.com\/1\/wp-json\/wp\/v2\/posts\/138500","targetHints":{"allow":["GET"]}}],"collection":[{"href":"https:\/\/www.caririemacao.com\/1\/wp-json\/wp\/v2\/posts"}],"about":[{"href":"https:\/\/www.caririemacao.com\/1\/wp-json\/wp\/v2\/types\/post"}],"author":[{"embeddable":true,"href":"https:\/\/www.caririemacao.com\/1\/wp-json\/wp\/v2\/users\/1"}],"replies":[{"embeddable":true,"href":"https:\/\/www.caririemacao.com\/1\/wp-json\/wp\/v2\/comments?post=138500"}],"version-history":[{"count":1,"href":"https:\/\/www.caririemacao.com\/1\/wp-json\/wp\/v2\/posts\/138500\/revisions"}],"predecessor-version":[{"id":138501,"href":"https:\/\/www.caririemacao.com\/1\/wp-json\/wp\/v2\/posts\/138500\/revisions\/138501"}],"wp:featuredmedia":[{"embeddable":true,"href":"https:\/\/www.caririemacao.com\/1\/wp-json\/wp\/v2\/media\/132568"}],"wp:attachment":[{"href":"https:\/\/www.caririemacao.com\/1\/wp-json\/wp\/v2\/media?parent=138500"}],"wp:term":[{"taxonomy":"category","embeddable":true,"href":"https:\/\/www.caririemacao.com\/1\/wp-json\/wp\/v2\/categories?post=138500"},{"taxonomy":"post_tag","embeddable":true,"href":"https:\/\/www.caririemacao.com\/1\/wp-json\/wp\/v2\/tags?post=138500"}],"curies":[{"name":"wp","href":"https:\/\/api.w.org\/{rel}","templated":true}]}}