{"id":138515,"date":"2019-11-29T08:54:42","date_gmt":"2019-11-29T11:54:42","guid":{"rendered":"http:\/\/www.caririemacao.com\/1\/?p=138515"},"modified":"2019-11-29T08:54:42","modified_gmt":"2019-11-29T11:54:42","slug":"camara-municipal-de-monteiro-concede-titulos-de-cidadao-nesta-sexta-feira","status":"publish","type":"post","link":"https:\/\/www.caririemacao.com\/1\/2019\/11\/29\/camara-municipal-de-monteiro-concede-titulos-de-cidadao-nesta-sexta-feira\/","title":{"rendered":"C\u00e2mara Municipal de Monteiro concede t\u00edtulos de cidad\u00e3o nesta sexta feira"},"content":{"rendered":"\n<p>A C\u00e2mara Municipal de Monteiro realiza sess\u00e3o extraordin\u00e1ria para conceder t\u00edtulos de cidad\u00e3o nesta sexta feira na Casa Jos\u00e9 Ferreira Tom\u00e9.<br>Ser\u00e3o agraciados com a comenda, o jovem advogado Dr Francisco Neto, al\u00e9m da psic\u00f3loga Allany Leite da Costa e a enfermeira Alliny Leite da Costa.<br>A cerim\u00f4nia come\u00e7a \u00e0s 19 e 30 na Casa Jos\u00e9 Ferreira Tom\u00e9.<br>F\u00c1BIO BRITO<\/p>\n","protected":false},"excerpt":{"rendered":"<p>A C\u00e2mara Municipal de Monteiro realiza sess\u00e3o extraordin\u00e1ria para conceder t\u00edtulos de cidad\u00e3o nesta sexta feira na Casa Jos\u00e9 Ferreira Tom\u00e9.Ser\u00e3o agraciados com a comenda,&hellip; <\/p>\n","protected":false},"author":1,"featured_media":138516,"comment_status":"closed","ping_status":"closed","sticky":false,"template":"","format":"standard","meta":{"sfsi_plus_gutenberg_text_before_share":"","sfsi_plus_gutenberg_show_text_before_share":"","sfsi_plus_gutenberg_icon_type":"","sfsi_plus_gutenberg_icon_alignemt":"","sfsi_plus_gutenburg_max_per_row":"","footnotes":""},"categories":[2],"tags":[],"class_list":["post-138515","post","type-post","status-publish","format-standard","has-post-thumbnail","hentry","category-geral"],"_links":{"self":[{"href":"https:\/\/www.caririemacao.com\/1\/wp-json\/wp\/v2\/posts\/138515","targetHints":{"allow":["GET"]}}],"collection":[{"href":"https:\/\/www.caririemacao.com\/1\/wp-json\/wp\/v2\/posts"}],"about":[{"href":"https:\/\/www.caririemacao.com\/1\/wp-json\/wp\/v2\/types\/post"}],"author":[{"embeddable":true,"href":"https:\/\/www.caririemacao.com\/1\/wp-json\/wp\/v2\/users\/1"}],"replies":[{"embeddable":true,"href":"https:\/\/www.caririemacao.com\/1\/wp-json\/wp\/v2\/comments?post=138515"}],"version-history":[{"count":1,"href":"https:\/\/www.caririemacao.com\/1\/wp-json\/wp\/v2\/posts\/138515\/revisions"}],"predecessor-version":[{"id":138517,"href":"https:\/\/www.caririemacao.com\/1\/wp-json\/wp\/v2\/posts\/138515\/revisions\/138517"}],"wp:featuredmedia":[{"embeddable":true,"href":"https:\/\/www.caririemacao.com\/1\/wp-json\/wp\/v2\/media\/138516"}],"wp:attachment":[{"href":"https:\/\/www.caririemacao.com\/1\/wp-json\/wp\/v2\/media?parent=138515"}],"wp:term":[{"taxonomy":"category","embeddable":true,"href":"https:\/\/www.caririemacao.com\/1\/wp-json\/wp\/v2\/categories?post=138515"},{"taxonomy":"post_tag","embeddable":true,"href":"https:\/\/www.caririemacao.com\/1\/wp-json\/wp\/v2\/tags?post=138515"}],"curies":[{"name":"wp","href":"https:\/\/api.w.org\/{rel}","templated":true}]}}