{"id":138531,"date":"2019-11-29T09:10:04","date_gmt":"2019-11-29T12:10:04","guid":{"rendered":"http:\/\/www.caririemacao.com\/1\/?p=138531"},"modified":"2019-11-29T09:10:04","modified_gmt":"2019-11-29T12:10:04","slug":"senado-aprova-criacao-do-medicos-pelo-brasil-2","status":"publish","type":"post","link":"https:\/\/www.caririemacao.com\/1\/2019\/11\/29\/senado-aprova-criacao-do-medicos-pelo-brasil-2\/","title":{"rendered":"Senado aprova cria\u00e7\u00e3o do M\u00e9dicos pelo Brasil"},"content":{"rendered":"\n<p>O Plen\u00e1rio do Senado aprovou na quarta-feira (27) a cria\u00e7\u00e3o do programa M\u00e9dicos pelo Brasil. O programa substitui o Mais M\u00e9dicos, criado em 2013 com o objetivo de ampliar a oferta de servi\u00e7os m\u00e9dicos em locais afastados ou com popula\u00e7\u00e3o vulner\u00e1vel. O projeto de lei de convers\u00e3o segue para san\u00e7\u00e3o presidencial. O texto \u00e9 oriundo da Medida Provis\u00f3ria (MP) 890\/2019, aprovada nesta ter\u00e7a-feira (26) pela C\u00e2mara dos Deputados e que perderia a vig\u00eancia na quinta-feira (28). A Comiss\u00e3o Mista que apreciou a proposta, no Congresso, foi presidida pelo deputado federal paraibano Ruy Carneiro (PSDB).<\/p>\n\n\n\n<p>A principal novidade do projeto de lei de convers\u00e3o, cujo relator no Senado foi o senador Conf\u00facio Moura (MDB-RO), \u00e9 a reincorpora\u00e7\u00e3o dos m\u00e9dicos cubanos ao programa, por mais dois anos. Poder\u00e3o pedir a reincorpora\u00e7\u00e3o aqueles que estavam em atua\u00e7\u00e3o no Brasil no dia 13 de novembro de 2018 e tenham permanecido no pa\u00eds ap\u00f3s o rompimento do acordo entre Cuba e a Organiza\u00e7\u00e3o Pan-Americana da Sa\u00fade (Opas), que intermediava a participa\u00e7\u00e3o dos cubanos no programa brasileiro.<\/p>\n\n\n\n<p>Outra condi\u00e7\u00e3o \u00e9 que o profissional tenha permanecido no territ\u00f3rio nacional at\u00e9 a data de publica\u00e7\u00e3o da MP 890\/2019 (1\u00ba de agosto), na condi\u00e7\u00e3o de naturalizado, residente ou com pedido de ref\u00fagio.<\/p>\n","protected":false},"excerpt":{"rendered":"<p>O Plen\u00e1rio do Senado aprovou na quarta-feira (27) a cria\u00e7\u00e3o do programa M\u00e9dicos pelo Brasil. O programa substitui o Mais M\u00e9dicos, criado em 2013 com&hellip; <\/p>\n","protected":false},"author":1,"featured_media":123162,"comment_status":"closed","ping_status":"closed","sticky":false,"template":"","format":"standard","meta":{"sfsi_plus_gutenberg_text_before_share":"","sfsi_plus_gutenberg_show_text_before_share":"","sfsi_plus_gutenberg_icon_type":"","sfsi_plus_gutenberg_icon_alignemt":"","sfsi_plus_gutenburg_max_per_row":"","footnotes":""},"categories":[2],"tags":[],"class_list":["post-138531","post","type-post","status-publish","format-standard","has-post-thumbnail","hentry","category-geral"],"_links":{"self":[{"href":"https:\/\/www.caririemacao.com\/1\/wp-json\/wp\/v2\/posts\/138531","targetHints":{"allow":["GET"]}}],"collection":[{"href":"https:\/\/www.caririemacao.com\/1\/wp-json\/wp\/v2\/posts"}],"about":[{"href":"https:\/\/www.caririemacao.com\/1\/wp-json\/wp\/v2\/types\/post"}],"author":[{"embeddable":true,"href":"https:\/\/www.caririemacao.com\/1\/wp-json\/wp\/v2\/users\/1"}],"replies":[{"embeddable":true,"href":"https:\/\/www.caririemacao.com\/1\/wp-json\/wp\/v2\/comments?post=138531"}],"version-history":[{"count":1,"href":"https:\/\/www.caririemacao.com\/1\/wp-json\/wp\/v2\/posts\/138531\/revisions"}],"predecessor-version":[{"id":138532,"href":"https:\/\/www.caririemacao.com\/1\/wp-json\/wp\/v2\/posts\/138531\/revisions\/138532"}],"wp:featuredmedia":[{"embeddable":true,"href":"https:\/\/www.caririemacao.com\/1\/wp-json\/wp\/v2\/media\/123162"}],"wp:attachment":[{"href":"https:\/\/www.caririemacao.com\/1\/wp-json\/wp\/v2\/media?parent=138531"}],"wp:term":[{"taxonomy":"category","embeddable":true,"href":"https:\/\/www.caririemacao.com\/1\/wp-json\/wp\/v2\/categories?post=138531"},{"taxonomy":"post_tag","embeddable":true,"href":"https:\/\/www.caririemacao.com\/1\/wp-json\/wp\/v2\/tags?post=138531"}],"curies":[{"name":"wp","href":"https:\/\/api.w.org\/{rel}","templated":true}]}}