{"id":138538,"date":"2019-11-29T10:40:04","date_gmt":"2019-11-29T13:40:04","guid":{"rendered":"http:\/\/www.caririemacao.com\/1\/?p=138538"},"modified":"2019-11-29T10:40:04","modified_gmt":"2019-11-29T13:40:04","slug":"tio-mata-sobrinho-a-facadas-no-sertao-da-paraiba","status":"publish","type":"post","link":"https:\/\/www.caririemacao.com\/1\/2019\/11\/29\/tio-mata-sobrinho-a-facadas-no-sertao-da-paraiba\/","title":{"rendered":"Tio mata sobrinho a facadas no Sert\u00e3o da Para\u00edba"},"content":{"rendered":"\n<p>Um homem matou o sobrinho a facadas, nesta quinta-feira (28), na&nbsp;zona rural de Imaculada, na Para\u00edba. De acordo com informa\u00e7\u00f5es, o&nbsp;sobrinho teria ido at\u00e9 o local armado com uma foice e uma faca para matar o tio.<\/p>\n\n\n\n<p>Ao chegar no local, ele teria sido desarmado pelo tio que&nbsp;desferiu golpes de faca levando o sobrinho a morte.<\/p>\n\n\n\n<p>Ainda de acordo com informa\u00e7\u00f5es, o suspeito ainda teria sido atingido por um golpe de foice desferido pelo sobrinho. Ele recebeu atendimento m\u00e9dico e foi preso em flagrante.&nbsp;<\/p>\n\n\n\n<p>Ele foi encaminhado a delegacia de Pol\u00edcia Civil de Princesa Isabel.<\/p>\n","protected":false},"excerpt":{"rendered":"<p>Um homem matou o sobrinho a facadas, nesta quinta-feira (28), na&nbsp;zona rural de Imaculada, na Para\u00edba. De acordo com informa\u00e7\u00f5es, o&nbsp;sobrinho teria ido at\u00e9 o&hellip; <\/p>\n","protected":false},"author":1,"featured_media":66916,"comment_status":"closed","ping_status":"closed","sticky":false,"template":"","format":"standard","meta":{"sfsi_plus_gutenberg_text_before_share":"","sfsi_plus_gutenberg_show_text_before_share":"","sfsi_plus_gutenberg_icon_type":"","sfsi_plus_gutenberg_icon_alignemt":"","sfsi_plus_gutenburg_max_per_row":"","footnotes":""},"categories":[12],"tags":[],"class_list":["post-138538","post","type-post","status-publish","format-standard","has-post-thumbnail","hentry","category-policia"],"_links":{"self":[{"href":"https:\/\/www.caririemacao.com\/1\/wp-json\/wp\/v2\/posts\/138538","targetHints":{"allow":["GET"]}}],"collection":[{"href":"https:\/\/www.caririemacao.com\/1\/wp-json\/wp\/v2\/posts"}],"about":[{"href":"https:\/\/www.caririemacao.com\/1\/wp-json\/wp\/v2\/types\/post"}],"author":[{"embeddable":true,"href":"https:\/\/www.caririemacao.com\/1\/wp-json\/wp\/v2\/users\/1"}],"replies":[{"embeddable":true,"href":"https:\/\/www.caririemacao.com\/1\/wp-json\/wp\/v2\/comments?post=138538"}],"version-history":[{"count":1,"href":"https:\/\/www.caririemacao.com\/1\/wp-json\/wp\/v2\/posts\/138538\/revisions"}],"predecessor-version":[{"id":138540,"href":"https:\/\/www.caririemacao.com\/1\/wp-json\/wp\/v2\/posts\/138538\/revisions\/138540"}],"wp:featuredmedia":[{"embeddable":true,"href":"https:\/\/www.caririemacao.com\/1\/wp-json\/wp\/v2\/media\/66916"}],"wp:attachment":[{"href":"https:\/\/www.caririemacao.com\/1\/wp-json\/wp\/v2\/media?parent=138538"}],"wp:term":[{"taxonomy":"category","embeddable":true,"href":"https:\/\/www.caririemacao.com\/1\/wp-json\/wp\/v2\/categories?post=138538"},{"taxonomy":"post_tag","embeddable":true,"href":"https:\/\/www.caririemacao.com\/1\/wp-json\/wp\/v2\/tags?post=138538"}],"curies":[{"name":"wp","href":"https:\/\/api.w.org\/{rel}","templated":true}]}}