{"id":138553,"date":"2019-11-29T10:47:56","date_gmt":"2019-11-29T13:47:56","guid":{"rendered":"http:\/\/www.caririemacao.com\/1\/?p=138553"},"modified":"2019-11-29T10:47:56","modified_gmt":"2019-11-29T13:47:56","slug":"promessa-do-presidente-logo-o-preco-da-carne-volta-ao-normal-no-brasil","status":"publish","type":"post","link":"https:\/\/www.caririemacao.com\/1\/2019\/11\/29\/promessa-do-presidente-logo-o-preco-da-carne-volta-ao-normal-no-brasil\/","title":{"rendered":"Promessa do presidente: logo o pre\u00e7o da carne volta ao normal no Brasil"},"content":{"rendered":"\n<p>Em meio \u00e0 alta dos pre\u00e7os da carne bovina no Brasil, o presidente Jair Bolsonaro disse que seu governo n\u00e3o pretende tomar medidas de controle de pre\u00e7o e defendeu o livre mercado dizendo que daqui a pouco o valor do produto volta ao normal.<\/p>\n\n\n\n<p>\u201cA China perdeu metade da sua popula\u00e7\u00e3o de porcos [para a gripe su\u00edna]. Hoje em dia metade da popula\u00e7\u00e3o j\u00e1 \u00e9 urbana, e 1\/3 \u00e9 de classe m\u00e9dia. Agora, o pre\u00e7o da carne da China, quem compra l\u00e1, fazendo a transforma\u00e7\u00e3o da moeda l\u00e1 daqui, \u00e9 mais cara que aqui. Agora, n\u00e3o podemos tomar medidas aqui que n\u00e3o deram certo em nenhum lugar do mundo: tabelar pre\u00e7os, obrigar a exportar menos. \u00c9 a livre concorr\u00eancia, daqui a pouco volta ao normal\u201d, disse em transmiss\u00e3o ao vivo pelas redes sociais nesta quinta-feira (28).<\/p>\n\n\n\n<p>A esperada alta no pre\u00e7o das carnes j\u00e1 come\u00e7ou a chegar ao consumidor brasileiro devido \u00e0 busca do mercado chin\u00eas pelo produto brasileiro.<\/p>\n\n\n\n<p>O tema levou \u00e0 divulga\u00e7\u00e3o de memes pela internet, ironizando a gest\u00e3o Bolsonaro.<\/p>\n\n\n\n<p>As importa\u00e7\u00f5es de carnes do Brasil para China subiram e a arroba do boi foi elevada nas \u00faltimas semanas, o que levou o repasse a chegar nas g\u00f4ndolas.<\/p>\n\n\n\n<p>A tend\u00eancia \u00e9 que o movimento de alta deve continuar, pressionando os pre\u00e7os para as festas de fim de ano.<\/p>\n\n\n\n<p>A Fipe (Funda\u00e7\u00e3o Instituto de Pesquisas Econ\u00f4micas), que faz pesquisa de pre\u00e7os semanalmente no munic\u00edpio de S\u00e3o Paulo, apontou que, na segunda quadrissemana de novembro (acumulado em 30 dias), as carnes bovinas subiram, em m\u00e9dia, 4,2%.<\/p>\n\n\n\n<p>O contrafil\u00e9, por exemplo, subiu 5,86%, e a alcatra 3,63%. A picanha subiu menos, 0,32%. Os dados foram divulgados nesta ter\u00e7a-feira (19) (veja gr\u00e1fico abaixo).<\/p>\n\n\n\n<p>Segundo Guilherme Moreira, coordenador de \u00edndice de pre\u00e7os da Fipe (Funda\u00e7\u00e3o Instituto de Pesquisas Econ\u00f4micas), os valores continuar\u00e3o a subir at\u00e9 o in\u00edcio de 2020.<\/p>\n\n\n\n<p>A tend\u00eancia de alta \u00e9 vista como \u00e9 inevit\u00e1vel pela Abrafrigo (Associa\u00e7\u00e3o Brasileira de Frigor\u00edficos).<\/p>\n\n\n\n<p>De acordo com a entidade, o crescimento das exporta\u00e7\u00f5es puxou a alta nos pre\u00e7os, com as firmes compras de China e R\u00fassia fazendo com que a parcela dos embarques do produto ultrapassasse os tradicionais 20% da produ\u00e7\u00e3o local.<\/p>\n\n\n\n<p>O mercado de boi tem refletido a alta demanda para a exporta\u00e7\u00e3o. Recentemente, os pre\u00e7os em S\u00e3o Paulo atingiram m\u00e1ximas nominais, de R$ 166,50 por arroba, superando recordes de abril de 2016, segundo levantamento do Cepea (Centro de Estudos Avan\u00e7ados em Economia Aplicada).<\/p>\n\n\n\n<p>Al\u00e9m de russos e chineses, que v\u00eam realizando a habilita\u00e7\u00e3o de mais frigor\u00edficos brasileiros para exporta\u00e7\u00e3o, novos mercados ganharam espa\u00e7o no setor de carnes do pa\u00eds, como Turquia e Indon\u00e9sia.<\/p>\n\n\n\n<p>A Abrafrigo destacou que os movimentos de altas dos pre\u00e7os ganharam for\u00e7a em agosto e atingiram um ponto irrevers\u00edvel em outubro.<\/p>\n","protected":false},"excerpt":{"rendered":"<p>Em meio \u00e0 alta dos pre\u00e7os da carne bovina no Brasil, o presidente Jair Bolsonaro disse que seu governo n\u00e3o pretende tomar medidas de controle&hellip; <\/p>\n","protected":false},"author":1,"featured_media":110902,"comment_status":"closed","ping_status":"closed","sticky":false,"template":"","format":"standard","meta":{"sfsi_plus_gutenberg_text_before_share":"","sfsi_plus_gutenberg_show_text_before_share":"","sfsi_plus_gutenberg_icon_type":"","sfsi_plus_gutenberg_icon_alignemt":"","sfsi_plus_gutenburg_max_per_row":"","footnotes":""},"categories":[11],"tags":[],"class_list":["post-138553","post","type-post","status-publish","format-standard","has-post-thumbnail","hentry","category-politica"],"_links":{"self":[{"href":"https:\/\/www.caririemacao.com\/1\/wp-json\/wp\/v2\/posts\/138553","targetHints":{"allow":["GET"]}}],"collection":[{"href":"https:\/\/www.caririemacao.com\/1\/wp-json\/wp\/v2\/posts"}],"about":[{"href":"https:\/\/www.caririemacao.com\/1\/wp-json\/wp\/v2\/types\/post"}],"author":[{"embeddable":true,"href":"https:\/\/www.caririemacao.com\/1\/wp-json\/wp\/v2\/users\/1"}],"replies":[{"embeddable":true,"href":"https:\/\/www.caririemacao.com\/1\/wp-json\/wp\/v2\/comments?post=138553"}],"version-history":[{"count":1,"href":"https:\/\/www.caririemacao.com\/1\/wp-json\/wp\/v2\/posts\/138553\/revisions"}],"predecessor-version":[{"id":138554,"href":"https:\/\/www.caririemacao.com\/1\/wp-json\/wp\/v2\/posts\/138553\/revisions\/138554"}],"wp:featuredmedia":[{"embeddable":true,"href":"https:\/\/www.caririemacao.com\/1\/wp-json\/wp\/v2\/media\/110902"}],"wp:attachment":[{"href":"https:\/\/www.caririemacao.com\/1\/wp-json\/wp\/v2\/media?parent=138553"}],"wp:term":[{"taxonomy":"category","embeddable":true,"href":"https:\/\/www.caririemacao.com\/1\/wp-json\/wp\/v2\/categories?post=138553"},{"taxonomy":"post_tag","embeddable":true,"href":"https:\/\/www.caririemacao.com\/1\/wp-json\/wp\/v2\/tags?post=138553"}],"curies":[{"name":"wp","href":"https:\/\/api.w.org\/{rel}","templated":true}]}}