{"id":138557,"date":"2019-11-29T11:51:45","date_gmt":"2019-11-29T14:51:45","guid":{"rendered":"http:\/\/www.caririemacao.com\/1\/?p=138557"},"modified":"2019-11-29T11:51:45","modified_gmt":"2019-11-29T14:51:45","slug":"velorio-acaba-e-corpo-de-gugu-liberato-segue-para-o-cemiterio","status":"publish","type":"post","link":"https:\/\/www.caririemacao.com\/1\/2019\/11\/29\/velorio-acaba-e-corpo-de-gugu-liberato-segue-para-o-cemiterio\/","title":{"rendered":"Vel\u00f3rio acaba e corpo de Gugu Liberato segue para o cemit\u00e9rio"},"content":{"rendered":"\n<p>O vel\u00f3rio do apresentador Gugu Liberato no pr\u00e9dio da Assembleia Legislativa de S\u00e3o Paulo (Alesp) acaba de ser encerrado na manh\u00e3 desta sexta-feira (29).&nbsp;Minutos antes do encerramento, a fam\u00edlia se reuniu para uma momento de ora\u00e7\u00e3o.<\/p>\n\n\n\n<p>Neste momento, o corpo segue em cortejo aberto em um carro do Corpo de Bombeiros at\u00e9 o cemit\u00e9rio Geths\u00eamani no Morumbi. O filho de Gugu, Jo\u00e3o Augusto Liberato segue dentro do carro do Corpo de Bombeiros.&nbsp;<\/p>\n\n\n\n<p>A Pol\u00edcia Militar de S\u00e3o Paulo divulgou o percurso de aproximadamente 10 km. O trajeto passar\u00e1 por algumas das principais avenidas da zona sul de S\u00e3o Paulo. Sair\u00e1 da regi\u00e3o parque do Ibirapuera, segue pela Juscelino Kubitshek, t\u00fanel Presidente J\u00e2nio Quadros e avenidas Morumbi e Giovanni Gronchi, onde fica o cemit\u00e9rio.<\/p>\n\n\n\n<p>O sepultamento ser\u00e1 ao meio-dia e poder\u00e1 ser acompanhado pelo p\u00fablico.<\/p>\n","protected":false},"excerpt":{"rendered":"<p>O vel\u00f3rio do apresentador Gugu Liberato no pr\u00e9dio da Assembleia Legislativa de S\u00e3o Paulo (Alesp) acaba de ser encerrado na manh\u00e3 desta sexta-feira (29).&nbsp;Minutos antes&hellip; <\/p>\n","protected":false},"author":1,"featured_media":138558,"comment_status":"closed","ping_status":"closed","sticky":false,"template":"","format":"standard","meta":{"sfsi_plus_gutenberg_text_before_share":"","sfsi_plus_gutenberg_show_text_before_share":"","sfsi_plus_gutenberg_icon_type":"","sfsi_plus_gutenberg_icon_alignemt":"","sfsi_plus_gutenburg_max_per_row":"","footnotes":""},"categories":[2],"tags":[],"class_list":["post-138557","post","type-post","status-publish","format-standard","has-post-thumbnail","hentry","category-geral"],"_links":{"self":[{"href":"https:\/\/www.caririemacao.com\/1\/wp-json\/wp\/v2\/posts\/138557","targetHints":{"allow":["GET"]}}],"collection":[{"href":"https:\/\/www.caririemacao.com\/1\/wp-json\/wp\/v2\/posts"}],"about":[{"href":"https:\/\/www.caririemacao.com\/1\/wp-json\/wp\/v2\/types\/post"}],"author":[{"embeddable":true,"href":"https:\/\/www.caririemacao.com\/1\/wp-json\/wp\/v2\/users\/1"}],"replies":[{"embeddable":true,"href":"https:\/\/www.caririemacao.com\/1\/wp-json\/wp\/v2\/comments?post=138557"}],"version-history":[{"count":1,"href":"https:\/\/www.caririemacao.com\/1\/wp-json\/wp\/v2\/posts\/138557\/revisions"}],"predecessor-version":[{"id":138559,"href":"https:\/\/www.caririemacao.com\/1\/wp-json\/wp\/v2\/posts\/138557\/revisions\/138559"}],"wp:featuredmedia":[{"embeddable":true,"href":"https:\/\/www.caririemacao.com\/1\/wp-json\/wp\/v2\/media\/138558"}],"wp:attachment":[{"href":"https:\/\/www.caririemacao.com\/1\/wp-json\/wp\/v2\/media?parent=138557"}],"wp:term":[{"taxonomy":"category","embeddable":true,"href":"https:\/\/www.caririemacao.com\/1\/wp-json\/wp\/v2\/categories?post=138557"},{"taxonomy":"post_tag","embeddable":true,"href":"https:\/\/www.caririemacao.com\/1\/wp-json\/wp\/v2\/tags?post=138557"}],"curies":[{"name":"wp","href":"https:\/\/api.w.org\/{rel}","templated":true}]}}