{"id":138562,"date":"2019-11-29T11:55:08","date_gmt":"2019-11-29T14:55:08","guid":{"rendered":"http:\/\/www.caririemacao.com\/1\/?p=138562"},"modified":"2019-11-29T11:55:08","modified_gmt":"2019-11-29T14:55:08","slug":"trabalho-sem-carteira-e-por-conta-propria-batem-novos-recordes-diz-ibge","status":"publish","type":"post","link":"https:\/\/www.caririemacao.com\/1\/2019\/11\/29\/trabalho-sem-carteira-e-por-conta-propria-batem-novos-recordes-diz-ibge\/","title":{"rendered":"Trabalho sem carteira e por conta pr\u00f3pria batem novos recordes, diz IBGE"},"content":{"rendered":"\n<p>Com novo recorde no n\u00famero de trabalhadores sem carteira e por conta pr\u00f3pria, a taxa de desemprego ficou est\u00e1vel no trimestre encerrado em outubro, informou nesta sexta (29) o IBGE (Instituto Brasileiro de Geografia e Estat\u00edstica).<\/p>\n\n\n\n<p>Eram 11,9 milh\u00f5es de trabalhadores sem carteira assinada e 24,4 milh\u00f5es por conta pr\u00f3pria. A taxa de informalidade, que inclui empregados dom\u00e9sticos sem carteira e empregados sem CNPJ ficou em 41,2%, est\u00e1vel em rela\u00e7\u00e3o ao trimestre anterior.<br>S\u00e3o 38,8 milh\u00f5es de trabalhadores nessas condi\u00e7\u00f5es.<\/p>\n\n\n\n<p>No trimestre encerrado em outubro, a taxa de desemprego foi de 11,6%, contra 11,8% no trimestre imediatamente anterior e 11,7% no mesmo trimestre de 2018. Para o IBGE, o indicador ficou &#8220;estatisticamente est\u00e1vel&#8221;.<\/p>\n\n\n\n<p>Foram 12,4 milh\u00f5es de brasileiros procurando emprego no trimestre. Os dados s\u00e3o da Pnad (Pesquisa Nacional por Amostra Domiciliar) Cont\u00ednua.<\/p>\n\n\n\n<p>Na compara\u00e7\u00e3o com o trimestre encerrado em julho, o \u00fanico setor que ampliou as contrata\u00e7\u00f5es foi a constru\u00e7\u00e3o, com crescimento de 3% no n\u00famero de empregados.<\/p>\n\n\n\n<p>J\u00e1 na compara\u00e7\u00e3o com o mesmo trimestre do ano anterior, permanecem em alta os setores e transporte (5%) e alimenta\u00e7\u00e3o (3,9%), que v\u00eam absorvendo informais como motoristas de aplicativos e vendedores de comida na rua.<\/p>\n\n\n\n<p>A popula\u00e7\u00e3o subutilizada &#8211; que inclui aqueles que procuram emprego, desistiram de procurar ou trabalham menos horas do que gostariam &#8211; caiu 3,5%, para 27,1 milh\u00f5es de pessoas.<\/p>\n\n\n\n<p>De acordo com o IBGE, o rendimento m\u00e9dio do trabalhador brasileiro ficou est\u00e1vel, em R$ 2.317, ou 1,1% acima do registrado no trimestre encerrado em julho.<\/p>\n","protected":false},"excerpt":{"rendered":"<p>Com novo recorde no n\u00famero de trabalhadores sem carteira e por conta pr\u00f3pria, a taxa de desemprego ficou est\u00e1vel no trimestre encerrado em outubro, informou&hellip; <\/p>\n","protected":false},"author":1,"featured_media":105957,"comment_status":"closed","ping_status":"closed","sticky":false,"template":"","format":"standard","meta":{"sfsi_plus_gutenberg_text_before_share":"","sfsi_plus_gutenberg_show_text_before_share":"","sfsi_plus_gutenberg_icon_type":"","sfsi_plus_gutenberg_icon_alignemt":"","sfsi_plus_gutenburg_max_per_row":"","footnotes":""},"categories":[2],"tags":[],"class_list":["post-138562","post","type-post","status-publish","format-standard","has-post-thumbnail","hentry","category-geral"],"_links":{"self":[{"href":"https:\/\/www.caririemacao.com\/1\/wp-json\/wp\/v2\/posts\/138562","targetHints":{"allow":["GET"]}}],"collection":[{"href":"https:\/\/www.caririemacao.com\/1\/wp-json\/wp\/v2\/posts"}],"about":[{"href":"https:\/\/www.caririemacao.com\/1\/wp-json\/wp\/v2\/types\/post"}],"author":[{"embeddable":true,"href":"https:\/\/www.caririemacao.com\/1\/wp-json\/wp\/v2\/users\/1"}],"replies":[{"embeddable":true,"href":"https:\/\/www.caririemacao.com\/1\/wp-json\/wp\/v2\/comments?post=138562"}],"version-history":[{"count":1,"href":"https:\/\/www.caririemacao.com\/1\/wp-json\/wp\/v2\/posts\/138562\/revisions"}],"predecessor-version":[{"id":138563,"href":"https:\/\/www.caririemacao.com\/1\/wp-json\/wp\/v2\/posts\/138562\/revisions\/138563"}],"wp:featuredmedia":[{"embeddable":true,"href":"https:\/\/www.caririemacao.com\/1\/wp-json\/wp\/v2\/media\/105957"}],"wp:attachment":[{"href":"https:\/\/www.caririemacao.com\/1\/wp-json\/wp\/v2\/media?parent=138562"}],"wp:term":[{"taxonomy":"category","embeddable":true,"href":"https:\/\/www.caririemacao.com\/1\/wp-json\/wp\/v2\/categories?post=138562"},{"taxonomy":"post_tag","embeddable":true,"href":"https:\/\/www.caririemacao.com\/1\/wp-json\/wp\/v2\/tags?post=138562"}],"curies":[{"name":"wp","href":"https:\/\/api.w.org\/{rel}","templated":true}]}}