{"id":138566,"date":"2019-11-29T11:57:42","date_gmt":"2019-11-29T14:57:42","guid":{"rendered":"http:\/\/www.caririemacao.com\/1\/?p=138566"},"modified":"2019-11-29T12:01:44","modified_gmt":"2019-11-29T15:01:44","slug":"programa-habilitacao-social-e-ampliado-renovacao-da-cnh-sera-gratuita","status":"publish","type":"post","link":"https:\/\/www.caririemacao.com\/1\/2019\/11\/29\/programa-habilitacao-social-e-ampliado-renovacao-da-cnh-sera-gratuita\/","title":{"rendered":"Programa Habilita\u00e7\u00e3o Social \u00e9 ampliado; renova\u00e7\u00e3o da CNH ser\u00e1 gratuita"},"content":{"rendered":"\n<figure class=\"wp-block-image\"><img decoding=\"async\" data-src=\"https:\/\/thumbor.clickpb.com.br\/iSSutC6a0EiL8egV-nGd6nLa3JQ=\/876x585\/top\/smart\/www.clickpb.com.br\/media\/filer_public\/10\/28\/10289a60-0576-4a88-b31e-f0683f159482\/cnh.jpg\" alt=\"\" src=\"data:image\/svg+xml;base64,PHN2ZyB3aWR0aD0iMSIgaGVpZ2h0PSIxIiB4bWxucz0iaHR0cDovL3d3dy53My5vcmcvMjAwMC9zdmciPjwvc3ZnPg==\" class=\"lazyload\" \/><figcaption>Benefici\u00e1rios do programa poder\u00e3o renovar CNH gratuitamente (Foto: Reprodu\u00e7\u00e3o)<\/figcaption><\/figure>\n\n\n\n<p>O programa Habilita\u00e7\u00e3o Social passou por altera\u00e7\u00e3o que amplia o rol de benefici\u00e1rios e garante gratuidade tamb\u00e9m na renova\u00e7\u00e3o da Carteira Nacional de Habilita\u00e7\u00e3o (CNH). A mudan\u00e7a, de iniciativa do governador Jo\u00e3o Azev\u00eado, foi publicada no Di\u00e1rio Oficial do Estado desta sexta-feira (29).<\/p>\n\n\n\n<p>Ser\u00e3o benefici\u00e1rios do Programa Habilita\u00e7\u00e3o Social as pessoas atendidas pelo Programa Bolsa Fam\u00edlia; os desempregados; alunos do \u00faltimo ano do Ensino M\u00e9dio da rede p\u00fablica ou que tenham terminado h\u00e1 dois anos; alunos concluintes ou que tenham conclu\u00eddo o EJA ou Pronatec; pessoas egressas do sistema penitenci\u00e1rio, incluindo os que est\u00e3o em regime semiaberto ou que tenham cumprido medidas socioeducativas; pessoas com defici\u00eancia; e produtores selecionados no Programa de Aquisi\u00e7\u00e3o de Alimentos (PAA), com prioridade para agricultores de comunidades tradicionais.<\/p>\n\n\n\n<p>Foram inclu\u00eddos alguns crit\u00e9rios para que o candidato tenha o benef\u00edcio da gratuidade na retirada de sua habilita\u00e7\u00e3o, como ter pelo menos 18 anos de idade; possuir renda per capita de at\u00e9 meio sal\u00e1rio m\u00ednimo; e estar inscrito no Cadastro \u00danico para programas sociais do governo federal (Cad\u00danico).<\/p>\n","protected":false},"excerpt":{"rendered":"<p>O programa Habilita\u00e7\u00e3o Social passou por altera\u00e7\u00e3o que amplia o rol de benefici\u00e1rios e garante gratuidade tamb\u00e9m na renova\u00e7\u00e3o da Carteira Nacional de Habilita\u00e7\u00e3o (CNH).&hellip; <\/p>\n","protected":false},"author":1,"featured_media":138567,"comment_status":"closed","ping_status":"closed","sticky":false,"template":"","format":"standard","meta":{"sfsi_plus_gutenberg_text_before_share":"","sfsi_plus_gutenberg_show_text_before_share":"","sfsi_plus_gutenberg_icon_type":"","sfsi_plus_gutenberg_icon_alignemt":"","sfsi_plus_gutenburg_max_per_row":"","footnotes":""},"categories":[2],"tags":[],"class_list":["post-138566","post","type-post","status-publish","format-standard","has-post-thumbnail","hentry","category-geral"],"_links":{"self":[{"href":"https:\/\/www.caririemacao.com\/1\/wp-json\/wp\/v2\/posts\/138566","targetHints":{"allow":["GET"]}}],"collection":[{"href":"https:\/\/www.caririemacao.com\/1\/wp-json\/wp\/v2\/posts"}],"about":[{"href":"https:\/\/www.caririemacao.com\/1\/wp-json\/wp\/v2\/types\/post"}],"author":[{"embeddable":true,"href":"https:\/\/www.caririemacao.com\/1\/wp-json\/wp\/v2\/users\/1"}],"replies":[{"embeddable":true,"href":"https:\/\/www.caririemacao.com\/1\/wp-json\/wp\/v2\/comments?post=138566"}],"version-history":[{"count":2,"href":"https:\/\/www.caririemacao.com\/1\/wp-json\/wp\/v2\/posts\/138566\/revisions"}],"predecessor-version":[{"id":138574,"href":"https:\/\/www.caririemacao.com\/1\/wp-json\/wp\/v2\/posts\/138566\/revisions\/138574"}],"wp:featuredmedia":[{"embeddable":true,"href":"https:\/\/www.caririemacao.com\/1\/wp-json\/wp\/v2\/media\/138567"}],"wp:attachment":[{"href":"https:\/\/www.caririemacao.com\/1\/wp-json\/wp\/v2\/media?parent=138566"}],"wp:term":[{"taxonomy":"category","embeddable":true,"href":"https:\/\/www.caririemacao.com\/1\/wp-json\/wp\/v2\/categories?post=138566"},{"taxonomy":"post_tag","embeddable":true,"href":"https:\/\/www.caririemacao.com\/1\/wp-json\/wp\/v2\/tags?post=138566"}],"curies":[{"name":"wp","href":"https:\/\/api.w.org\/{rel}","templated":true}]}}