{"id":138589,"date":"2019-11-29T13:44:39","date_gmt":"2019-11-29T16:44:39","guid":{"rendered":"http:\/\/www.caririemacao.com\/1\/?p=138589"},"modified":"2019-11-29T13:44:39","modified_gmt":"2019-11-29T16:44:39","slug":"grupo-em-carro-atira-em-praca-mata-adolescente-e-fere-criancas-na-paraiba","status":"publish","type":"post","link":"https:\/\/www.caririemacao.com\/1\/2019\/11\/29\/grupo-em-carro-atira-em-praca-mata-adolescente-e-fere-criancas-na-paraiba\/","title":{"rendered":"Grupo em carro atira em pra\u00e7a, mata adolescente e fere crian\u00e7as na Para\u00edba"},"content":{"rendered":"\n<p>Um adolescente morreu e cinco pessoas ficaram feridas ao serem atingidas por tiros, na noite desta quinta-feira (28), em uma pra\u00e7a do bairro do Cristo Redentor, em Jo\u00e3o Pessoa. Os feridos, entre eles, duas crian\u00e7as, foram encaminhadas para o Hospital de Trauma Senador Humberto Lucena e o Trauminha em Mangabeira.<\/p>\n\n\n\n<p>A v\u00edtima que veio a \u00f3bito, foi identificada como Matheus Francisco Dantas, de 17 anos. Ele foi atingido com um tiro na cabe\u00e7a.<\/p>\n\n\n\n<p>De acordo com o Hospital de Trauma, uma mulher, um adolescente e duas crian\u00e7as deram entrada na unidade de sa\u00fade. A mulher foi atendida e recebeu alta na madrugada desta sexta-feira (29). Uma crian\u00e7a de sete anos foi atendida e segue em observa\u00e7\u00e3o com estado de sa\u00fade considerado est\u00e1vel. Uma outra crian\u00e7a, de seis anos, passou por cirurgia e segue internada com estado cl\u00ednico de sa\u00fade grave.<\/p>\n\n\n\n<p>O adolescente de 16 anos passou por procedimento m\u00e9dicos de emerg\u00eancia e segue em observa\u00e7\u00e3o com estado cl\u00ednico de sa\u00fade regular. J\u00e1 no Trauminha, um adolescente de 16 anos, que foi baleado no p\u00e9, foi atendido e recebeu alta na madrugada desta sexta-feira (29).<\/p>\n\n\n\n<p>De acordo com a Pol\u00edcia Militar, os tiros teriam sido efetuados por quatro homens em um carro branco pararam pr\u00f3ximo \u00e0 pra\u00e7a e atiraram contra as pessoas que estavam no local. Ningu\u00e9m ainda foi preso.<\/p>\n\n\n\n<p><em>Com Mais PB \u2013 Foto: G1 PB<\/em><\/p>\n","protected":false},"excerpt":{"rendered":"<p>Um adolescente morreu e cinco pessoas ficaram feridas ao serem atingidas por tiros, na noite desta quinta-feira (28), em uma pra\u00e7a do bairro do Cristo&hellip; <\/p>\n","protected":false},"author":1,"featured_media":138590,"comment_status":"closed","ping_status":"closed","sticky":false,"template":"","format":"standard","meta":{"sfsi_plus_gutenberg_text_before_share":"","sfsi_plus_gutenberg_show_text_before_share":"","sfsi_plus_gutenberg_icon_type":"","sfsi_plus_gutenberg_icon_alignemt":"","sfsi_plus_gutenburg_max_per_row":"","footnotes":""},"categories":[12],"tags":[],"class_list":["post-138589","post","type-post","status-publish","format-standard","has-post-thumbnail","hentry","category-policia"],"_links":{"self":[{"href":"https:\/\/www.caririemacao.com\/1\/wp-json\/wp\/v2\/posts\/138589","targetHints":{"allow":["GET"]}}],"collection":[{"href":"https:\/\/www.caririemacao.com\/1\/wp-json\/wp\/v2\/posts"}],"about":[{"href":"https:\/\/www.caririemacao.com\/1\/wp-json\/wp\/v2\/types\/post"}],"author":[{"embeddable":true,"href":"https:\/\/www.caririemacao.com\/1\/wp-json\/wp\/v2\/users\/1"}],"replies":[{"embeddable":true,"href":"https:\/\/www.caririemacao.com\/1\/wp-json\/wp\/v2\/comments?post=138589"}],"version-history":[{"count":1,"href":"https:\/\/www.caririemacao.com\/1\/wp-json\/wp\/v2\/posts\/138589\/revisions"}],"predecessor-version":[{"id":138591,"href":"https:\/\/www.caririemacao.com\/1\/wp-json\/wp\/v2\/posts\/138589\/revisions\/138591"}],"wp:featuredmedia":[{"embeddable":true,"href":"https:\/\/www.caririemacao.com\/1\/wp-json\/wp\/v2\/media\/138590"}],"wp:attachment":[{"href":"https:\/\/www.caririemacao.com\/1\/wp-json\/wp\/v2\/media?parent=138589"}],"wp:term":[{"taxonomy":"category","embeddable":true,"href":"https:\/\/www.caririemacao.com\/1\/wp-json\/wp\/v2\/categories?post=138589"},{"taxonomy":"post_tag","embeddable":true,"href":"https:\/\/www.caririemacao.com\/1\/wp-json\/wp\/v2\/tags?post=138589"}],"curies":[{"name":"wp","href":"https:\/\/api.w.org\/{rel}","templated":true}]}}