{"id":138593,"date":"2019-11-29T13:45:34","date_gmt":"2019-11-29T16:45:34","guid":{"rendered":"http:\/\/www.caririemacao.com\/1\/?p=138593"},"modified":"2019-11-29T13:45:34","modified_gmt":"2019-11-29T16:45:34","slug":"ao-lado-de-anna-lorena-secretario-de-agricultura-da-paraiba-participa-da-abertura-da-expo-monteiro","status":"publish","type":"post","link":"https:\/\/www.caririemacao.com\/1\/2019\/11\/29\/ao-lado-de-anna-lorena-secretario-de-agricultura-da-paraiba-participa-da-abertura-da-expo-monteiro\/","title":{"rendered":"Ao lado de Anna Lorena, Secret\u00e1rio de Agricultura da Para\u00edba participa da abertura da Expo Monteiro"},"content":{"rendered":"\n<p>O secret\u00e1rio da Sedap, Efraim Morais, abriu nesta quinta-feira (28), a Exposi\u00e7\u00e3o de Animais, em Morteiro, no centro da cidade \u00e0s margens do A\u00e7ude P\u00fablico.<\/p>\n\n\n\n<p>O secret\u00e1rio de Estado do Desenvolvimento da Agropecu\u00e1ria e da Pesca, Efraim Morais, destacou a import\u00e2ncia da Expo Monteiro 2019. \u201cA Para\u00edba tem um novo caminho no agroneg\u00f3cio e na agropecu\u00e1ria e vamos continuar investindo do pequeno ao grande agricultor e produtor para que possamos crescer cada vez mais\u201d, pontuou.<\/p>\n\n\n\n<p>De acordo com a prefeita Anna Lorena, Monteiro sempre tem se mostrado a frente evidenciando o seu potencial na produ\u00e7\u00e3o de animais. \u201cO evento proporciona \u00e0 comunidade oportunidades de integra\u00e7\u00e3o, troca de experi\u00eancia e oportunidades de neg\u00f3cios que englobam todo o segmento comercial local, melhorando a renda e a qualidade de vida dos trabalhadores\u201d, explicou.<\/p>\n\n\n\n<p>Dentro do evento a Sedap, realizou uma reuni\u00e3o com a Defesa Agropecu\u00e1ria com o objetivo de estrat\u00e9gias para a reta final da segunda etapa da vacina\u00e7\u00e3o contra a Febre Aftosa, no sentido de obter \u00edndices acima de 90%, buscando a partir do ano de 2021, n\u00e3o mais vacinar o rebanho do paraibano contra essa doen\u00e7a, conforme exig\u00eancias do Programa Nacional de Erradica\u00e7\u00e3o de Febre Aftosa \u2013 PNEFA.<\/p>\n\n\n\n<p>A expectativa \u00e9 de que pelo menos 20 mil pessoas visitem o evento, que ocorre at\u00e9 o pr\u00f3ximo dia 01 de dezembro.<\/p>\n\n\n\n<p><strong>Confira a programa\u00e7\u00e3o completa da IV Edi\u00e7\u00e3o Expo Monteiro. Participe!<\/strong><\/p>\n\n\n\n<p>27\/11 \u2013 Entrada dos animais at\u00e9 \u00e0s 22h<br>28\/11 \u2013 Abertura do evento e admiss\u00e3o dos animais e esgota de cabras que participam do torneio<br>29\/11 \u2013 Ordenhas e Pistas de Julgamento<br>30\/11 \u2013 Ordenhas e Pista de Julgamento e Encerramento do evento com entrega de trof\u00e9us<br>01\/12 \u2013 Libera\u00e7\u00e3o dos animais<\/p>\n","protected":false},"excerpt":{"rendered":"<p>O secret\u00e1rio da Sedap, Efraim Morais, abriu nesta quinta-feira (28), a Exposi\u00e7\u00e3o de Animais, em Morteiro, no centro da cidade \u00e0s margens do A\u00e7ude P\u00fablico.&hellip; <\/p>\n","protected":false},"author":1,"featured_media":138594,"comment_status":"closed","ping_status":"closed","sticky":false,"template":"","format":"standard","meta":{"sfsi_plus_gutenberg_text_before_share":"","sfsi_plus_gutenberg_show_text_before_share":"","sfsi_plus_gutenberg_icon_type":"","sfsi_plus_gutenberg_icon_alignemt":"","sfsi_plus_gutenburg_max_per_row":"","footnotes":""},"categories":[6,50],"tags":[],"class_list":["post-138593","post","type-post","status-publish","format-standard","has-post-thumbnail","hentry","category-cidades","category-destaque"],"_links":{"self":[{"href":"https:\/\/www.caririemacao.com\/1\/wp-json\/wp\/v2\/posts\/138593","targetHints":{"allow":["GET"]}}],"collection":[{"href":"https:\/\/www.caririemacao.com\/1\/wp-json\/wp\/v2\/posts"}],"about":[{"href":"https:\/\/www.caririemacao.com\/1\/wp-json\/wp\/v2\/types\/post"}],"author":[{"embeddable":true,"href":"https:\/\/www.caririemacao.com\/1\/wp-json\/wp\/v2\/users\/1"}],"replies":[{"embeddable":true,"href":"https:\/\/www.caririemacao.com\/1\/wp-json\/wp\/v2\/comments?post=138593"}],"version-history":[{"count":1,"href":"https:\/\/www.caririemacao.com\/1\/wp-json\/wp\/v2\/posts\/138593\/revisions"}],"predecessor-version":[{"id":138595,"href":"https:\/\/www.caririemacao.com\/1\/wp-json\/wp\/v2\/posts\/138593\/revisions\/138595"}],"wp:featuredmedia":[{"embeddable":true,"href":"https:\/\/www.caririemacao.com\/1\/wp-json\/wp\/v2\/media\/138594"}],"wp:attachment":[{"href":"https:\/\/www.caririemacao.com\/1\/wp-json\/wp\/v2\/media?parent=138593"}],"wp:term":[{"taxonomy":"category","embeddable":true,"href":"https:\/\/www.caririemacao.com\/1\/wp-json\/wp\/v2\/categories?post=138593"},{"taxonomy":"post_tag","embeddable":true,"href":"https:\/\/www.caririemacao.com\/1\/wp-json\/wp\/v2\/tags?post=138593"}],"curies":[{"name":"wp","href":"https:\/\/api.w.org\/{rel}","templated":true}]}}