{"id":138599,"date":"2019-11-29T13:48:04","date_gmt":"2019-11-29T16:48:04","guid":{"rendered":"http:\/\/www.caririemacao.com\/1\/?p=138599"},"modified":"2019-11-29T13:48:04","modified_gmt":"2019-11-29T16:48:04","slug":"assembleia-legislativa-da-paraiba-realiza-audiencia-na-regiao-do-cariri-neste-sabado","status":"publish","type":"post","link":"https:\/\/www.caririemacao.com\/1\/2019\/11\/29\/assembleia-legislativa-da-paraiba-realiza-audiencia-na-regiao-do-cariri-neste-sabado\/","title":{"rendered":"Assembleia Legislativa da Para\u00edba realiza audi\u00eancia na regi\u00e3o do Cariri neste s\u00e1bado"},"content":{"rendered":"\n<p>A Frente Parlamentar de Empreendedorismo e Desenvolvimento Econ\u00f4mico da Assembleia Legislativa da Para\u00edba vai promover uma audi\u00eancia no pr\u00f3ximo s\u00e1bado (30), \u00e0s 14h, no distrito da Ribeira de Cabaceiras, durante a ExpoCouroBode \u2013 Festival do Couro.<\/p>\n\n\n\n<p>O presidente do Poder Legislativo, Adriano Galdino, confirmou participa\u00e7\u00e3o no vento falou do potencial de Cabaceiras: \u201cO munic\u00edpio desfruta hoje de um jovem prefeito que tem feito o diferencial com sua gest\u00e3o. Nossa meta \u00e9 ajudar o munic\u00edpio a se desenvolver com o arranjo da caprinovinocultura, turismo e cinema\u201d, frisou Galdino.<\/p>\n\n\n\n<p>O presidente da Frente Parlamentar deputado estadual Eduardo Carneiro informou o objetivo da audi\u00eancia: \u201cVamos debater o empreendedorismo em Cabaceiras que \u00e9 exemplo de supera\u00e7\u00e3o. Nosso objetivo \u00e9 procurar alternativas que alavanque ainda mais essa atividade coureira\u201d, disse.<br><\/p>\n\n\n\n<p>Com Blog Bruno Lira<\/p>\n\n\n\n<p><\/p>\n","protected":false},"excerpt":{"rendered":"<p>A Frente Parlamentar de Empreendedorismo e Desenvolvimento Econ\u00f4mico da Assembleia Legislativa da Para\u00edba vai promover uma audi\u00eancia no pr\u00f3ximo s\u00e1bado (30), \u00e0s 14h, no distrito&hellip; <\/p>\n","protected":false},"author":1,"featured_media":138276,"comment_status":"closed","ping_status":"closed","sticky":false,"template":"","format":"standard","meta":{"sfsi_plus_gutenberg_text_before_share":"","sfsi_plus_gutenberg_show_text_before_share":"","sfsi_plus_gutenberg_icon_type":"","sfsi_plus_gutenberg_icon_alignemt":"","sfsi_plus_gutenburg_max_per_row":"","footnotes":""},"categories":[11],"tags":[],"class_list":["post-138599","post","type-post","status-publish","format-standard","has-post-thumbnail","hentry","category-politica"],"_links":{"self":[{"href":"https:\/\/www.caririemacao.com\/1\/wp-json\/wp\/v2\/posts\/138599","targetHints":{"allow":["GET"]}}],"collection":[{"href":"https:\/\/www.caririemacao.com\/1\/wp-json\/wp\/v2\/posts"}],"about":[{"href":"https:\/\/www.caririemacao.com\/1\/wp-json\/wp\/v2\/types\/post"}],"author":[{"embeddable":true,"href":"https:\/\/www.caririemacao.com\/1\/wp-json\/wp\/v2\/users\/1"}],"replies":[{"embeddable":true,"href":"https:\/\/www.caririemacao.com\/1\/wp-json\/wp\/v2\/comments?post=138599"}],"version-history":[{"count":1,"href":"https:\/\/www.caririemacao.com\/1\/wp-json\/wp\/v2\/posts\/138599\/revisions"}],"predecessor-version":[{"id":138600,"href":"https:\/\/www.caririemacao.com\/1\/wp-json\/wp\/v2\/posts\/138599\/revisions\/138600"}],"wp:featuredmedia":[{"embeddable":true,"href":"https:\/\/www.caririemacao.com\/1\/wp-json\/wp\/v2\/media\/138276"}],"wp:attachment":[{"href":"https:\/\/www.caririemacao.com\/1\/wp-json\/wp\/v2\/media?parent=138599"}],"wp:term":[{"taxonomy":"category","embeddable":true,"href":"https:\/\/www.caririemacao.com\/1\/wp-json\/wp\/v2\/categories?post=138599"},{"taxonomy":"post_tag","embeddable":true,"href":"https:\/\/www.caririemacao.com\/1\/wp-json\/wp\/v2\/tags?post=138599"}],"curies":[{"name":"wp","href":"https:\/\/api.w.org\/{rel}","templated":true}]}}