{"id":138605,"date":"2019-11-29T13:52:03","date_gmt":"2019-11-29T16:52:03","guid":{"rendered":"http:\/\/www.caririemacao.com\/1\/?p=138605"},"modified":"2019-11-29T13:52:03","modified_gmt":"2019-11-29T16:52:03","slug":"morre-o-jornalista-heraldo-nobrega-apos-cair-do-16o-andar-de-predio","status":"publish","type":"post","link":"https:\/\/www.caririemacao.com\/1\/2019\/11\/29\/morre-o-jornalista-heraldo-nobrega-apos-cair-do-16o-andar-de-predio\/","title":{"rendered":"Morre o jornalista Heraldo N\u00f3brega ap\u00f3s cair do 16\u00ba andar de pr\u00e9dio"},"content":{"rendered":"\n<p>Faleceu nesta madruga (29) o jornalista Heraldo N\u00f3brega que atuava como apresentador na TV Master. O jornalista lutava contra depress\u00e3o e durante esta noite caiu do 16\u00ba andar do edif\u00edcio Spazio di Napoli, Tambauzinho, onde morava com sua irm\u00e3.<\/p>\n\n\n\n<p>Um dos mais antigos jornalista atuando na televis\u00e3o paraibana, Heraldo N\u00f3brega transitava nos bastidores da pol\u00edtica paraibana com muito respeito e credibilidade.<\/p>\n\n\n\n<p>Ao longo de quase quatro d\u00e9cadas exerceu os cargos de editor-chefe do jornal O Norte, editor do jornal Correio da Para\u00edba e Superintendente do jornal A Uni\u00e3o.<\/p>\n\n\n\n<p>Uma per\u00edcia foi feita no local.<\/p>\n","protected":false},"excerpt":{"rendered":"<p>Faleceu nesta madruga (29) o jornalista Heraldo N\u00f3brega que atuava como apresentador na TV Master. O jornalista lutava contra depress\u00e3o e durante esta noite caiu&hellip; <\/p>\n","protected":false},"author":1,"featured_media":138606,"comment_status":"closed","ping_status":"closed","sticky":false,"template":"","format":"standard","meta":{"sfsi_plus_gutenberg_text_before_share":"","sfsi_plus_gutenberg_show_text_before_share":"","sfsi_plus_gutenberg_icon_type":"","sfsi_plus_gutenberg_icon_alignemt":"","sfsi_plus_gutenburg_max_per_row":"","footnotes":""},"categories":[2],"tags":[],"class_list":["post-138605","post","type-post","status-publish","format-standard","has-post-thumbnail","hentry","category-geral"],"_links":{"self":[{"href":"https:\/\/www.caririemacao.com\/1\/wp-json\/wp\/v2\/posts\/138605","targetHints":{"allow":["GET"]}}],"collection":[{"href":"https:\/\/www.caririemacao.com\/1\/wp-json\/wp\/v2\/posts"}],"about":[{"href":"https:\/\/www.caririemacao.com\/1\/wp-json\/wp\/v2\/types\/post"}],"author":[{"embeddable":true,"href":"https:\/\/www.caririemacao.com\/1\/wp-json\/wp\/v2\/users\/1"}],"replies":[{"embeddable":true,"href":"https:\/\/www.caririemacao.com\/1\/wp-json\/wp\/v2\/comments?post=138605"}],"version-history":[{"count":1,"href":"https:\/\/www.caririemacao.com\/1\/wp-json\/wp\/v2\/posts\/138605\/revisions"}],"predecessor-version":[{"id":138607,"href":"https:\/\/www.caririemacao.com\/1\/wp-json\/wp\/v2\/posts\/138605\/revisions\/138607"}],"wp:featuredmedia":[{"embeddable":true,"href":"https:\/\/www.caririemacao.com\/1\/wp-json\/wp\/v2\/media\/138606"}],"wp:attachment":[{"href":"https:\/\/www.caririemacao.com\/1\/wp-json\/wp\/v2\/media?parent=138605"}],"wp:term":[{"taxonomy":"category","embeddable":true,"href":"https:\/\/www.caririemacao.com\/1\/wp-json\/wp\/v2\/categories?post=138605"},{"taxonomy":"post_tag","embeddable":true,"href":"https:\/\/www.caririemacao.com\/1\/wp-json\/wp\/v2\/tags?post=138605"}],"curies":[{"name":"wp","href":"https:\/\/api.w.org\/{rel}","templated":true}]}}