{"id":138613,"date":"2019-11-29T14:06:58","date_gmt":"2019-11-29T17:06:58","guid":{"rendered":"http:\/\/www.caririemacao.com\/1\/?p=138613"},"modified":"2019-11-29T14:06:58","modified_gmt":"2019-11-29T17:06:58","slug":"pnad-continua-taxa-de-desocupacao-estavel-fecha-trimestre-em-116","status":"publish","type":"post","link":"https:\/\/www.caririemacao.com\/1\/2019\/11\/29\/pnad-continua-taxa-de-desocupacao-estavel-fecha-trimestre-em-116\/","title":{"rendered":"PNAD Cont\u00ednua: taxa de desocupa\u00e7\u00e3o est\u00e1vel fecha trimestre em 11,6%"},"content":{"rendered":"\n<p>A taxa de desocupa\u00e7\u00e3o no pa\u00eds fechou o&nbsp;trimestre encerrado em outubro em 11,6%, segundo a Pesquisa Nacional por Amostra de Domic\u00edlios Cont\u00ednua (Pnad Cont\u00ednua). O levantamento divulgado hoje (29) pelo Instituto Brasileiro de Geografia e Estat\u00edstica (IBGE) considera desocupadas&nbsp;as pessoas que est\u00e3o sem emprego, mas que buscaram efetivamente um trabalho nos 30 dias anteriores \u00e0 coleta dos dados.&nbsp;De acordo com o levantamento, cerca de 12,4 milh\u00f5es de pessoas comp\u00f5em a popula\u00e7\u00e3o desocupada.<\/p>\n\n\n\n<p>A Pnad Cont\u00ednua foi realizada a partir de informa\u00e7\u00f5es levantadas em visitas domiciliares a cerca de 211 mil casas em 3.464 munic\u00edpios. De acordo com o resumo da pesquisa publicado no&nbsp;<a href=\"https:\/\/agenciadenoticias.ibge.gov.br\/agencia-sala-de-imprensa\/2013-agencia-de-noticias\/releases\/26119-pnad-continua-taxa-de-desocupacao-e-de-11-6-e-taxa-de-subutilizacao-e-23-8-no-trimestre-encerrado-em-outubro-de-2019\">site do instituto<\/a>, a taxa de desocupa\u00e7\u00e3o &#8220;ficou estatisticamente est\u00e1vel tanto em rela\u00e7\u00e3o ao trimestre&nbsp;de maio&nbsp;a julho de 2019 (11,8%) quanto em rela\u00e7\u00e3o ao mesmo trimestre de 2018 (11,7%)&#8221;.<\/p>\n\n\n\n<p>Em rela\u00e7\u00e3o \u00e0 popula\u00e7\u00e3o ocupada, na compara\u00e7\u00e3o com trimestre anterior, houve leve crescimento de 0,5%,&nbsp;o que representa aproximadamente mais 470 mil pessoas trabalhando. Entre agosto e outubro desse ano, 94,1 milh\u00f5es de pessoas tiveram algum tipo de trabalho. Na compara\u00e7\u00e3o com o mesmo trimestre de 2018, a melhora foi de 1,6%.<\/p>\n\n\n\n<p>O n\u00famero de empregados com carteira de trabalho assinada no setor privado, incluindo trabalhadores&nbsp;dom\u00e9sticos, tamb\u00e9m se manteve est\u00e1vel e fechou em 33,2 milh\u00f5es. Tamb\u00e9m houve aumento de trabalhadores informais, que atingiram novo recorde na s\u00e9rie hist\u00f3rica desde 2012. Est\u00e3o trabalhando sem carteira assinada 11,9 milh\u00f5es de pessoas. No m\u00eas passado, o IBGE tamb\u00e9m&nbsp;havia&nbsp;<a href=\"http:\/\/agenciabrasil.ebc.com.br\/economia\/noticia\/2019-10\/informalidade-no-mercado-de-trabalho-e-recorde-aponta-ibge\">detectado um recorde na informalidade<\/a>, que foi novamente superado.<\/p>\n\n\n\n<p>A pesquisa tamb\u00e9m indica que 64,9 milh\u00f5es de pessoas que n\u00e3o est\u00e3o&nbsp;trabalhando, nem procurando trabalho. Este dado tamb\u00e9m revela estabilidade tanto em rela\u00e7\u00e3o ao trimestre&nbsp;de maio&nbsp;a julho de 2019 quanto em rela\u00e7\u00e3o ao mesmo trimestre de 2018.<\/p>\n","protected":false},"excerpt":{"rendered":"<p>A taxa de desocupa\u00e7\u00e3o no pa\u00eds fechou o&nbsp;trimestre encerrado em outubro em 11,6%, segundo a Pesquisa Nacional por Amostra de Domic\u00edlios Cont\u00ednua (Pnad Cont\u00ednua). O&hellip; <\/p>\n","protected":false},"author":1,"featured_media":95118,"comment_status":"closed","ping_status":"closed","sticky":false,"template":"","format":"standard","meta":{"sfsi_plus_gutenberg_text_before_share":"","sfsi_plus_gutenberg_show_text_before_share":"","sfsi_plus_gutenberg_icon_type":"","sfsi_plus_gutenberg_icon_alignemt":"","sfsi_plus_gutenburg_max_per_row":"","footnotes":""},"categories":[2],"tags":[],"class_list":["post-138613","post","type-post","status-publish","format-standard","has-post-thumbnail","hentry","category-geral"],"_links":{"self":[{"href":"https:\/\/www.caririemacao.com\/1\/wp-json\/wp\/v2\/posts\/138613","targetHints":{"allow":["GET"]}}],"collection":[{"href":"https:\/\/www.caririemacao.com\/1\/wp-json\/wp\/v2\/posts"}],"about":[{"href":"https:\/\/www.caririemacao.com\/1\/wp-json\/wp\/v2\/types\/post"}],"author":[{"embeddable":true,"href":"https:\/\/www.caririemacao.com\/1\/wp-json\/wp\/v2\/users\/1"}],"replies":[{"embeddable":true,"href":"https:\/\/www.caririemacao.com\/1\/wp-json\/wp\/v2\/comments?post=138613"}],"version-history":[{"count":1,"href":"https:\/\/www.caririemacao.com\/1\/wp-json\/wp\/v2\/posts\/138613\/revisions"}],"predecessor-version":[{"id":138614,"href":"https:\/\/www.caririemacao.com\/1\/wp-json\/wp\/v2\/posts\/138613\/revisions\/138614"}],"wp:featuredmedia":[{"embeddable":true,"href":"https:\/\/www.caririemacao.com\/1\/wp-json\/wp\/v2\/media\/95118"}],"wp:attachment":[{"href":"https:\/\/www.caririemacao.com\/1\/wp-json\/wp\/v2\/media?parent=138613"}],"wp:term":[{"taxonomy":"category","embeddable":true,"href":"https:\/\/www.caririemacao.com\/1\/wp-json\/wp\/v2\/categories?post=138613"},{"taxonomy":"post_tag","embeddable":true,"href":"https:\/\/www.caririemacao.com\/1\/wp-json\/wp\/v2\/tags?post=138613"}],"curies":[{"name":"wp","href":"https:\/\/api.w.org\/{rel}","templated":true}]}}