{"id":138618,"date":"2019-11-29T14:11:29","date_gmt":"2019-11-29T17:11:29","guid":{"rendered":"http:\/\/www.caririemacao.com\/1\/?p=138618"},"modified":"2019-11-29T14:11:29","modified_gmt":"2019-11-29T17:11:29","slug":"ministerio-da-saude-135-mil-convivem-com-hiv-no-pais-e-nao-sabem","status":"publish","type":"post","link":"https:\/\/www.caririemacao.com\/1\/2019\/11\/29\/ministerio-da-saude-135-mil-convivem-com-hiv-no-pais-e-nao-sabem\/","title":{"rendered":"Minist\u00e9rio da Sa\u00fade: 135 mil convivem com HIV no pa\u00eds e n\u00e3o sabem"},"content":{"rendered":"\n<p>\n\n\u00c0s v\u00e9speras do Dia Mundial de Luta Contra a Aids, celebrado no&nbsp;domingo&nbsp;(1) o Minist\u00e9rio da Sa\u00fade fez um alerta: 135 mil pessoas no Brasil convivem com o v\u00edrus HIV e n\u00e3o sabem.<\/p>\n\n\n\n<p>Na avalia\u00e7\u00e3o do ministro da Sa\u00fade, Luiz Henrique Mandetta, houve ganhos importantes nos \u00faltimos anos, mas ainda h\u00e1 uma s\u00e9rie de desafios. \u201dTemos uma epidemia estabilizada em torno de 900 mil pessoas com casos de Aids, e podemos observar uma epidemia, principalmente em homens jovens, na faixa et\u00e1ria de 25 a 39 anos. \u00c9 com essa popula\u00e7\u00e3o que precisamos trabalhar prioritariamente\u201d, disse.<\/p>\n\n\n\n<p>De acordo com os dados apresentados hoje (29), das 900 mil pessoas com HIV, 766 mil foram diagnosticadas, 594 mil fazem tratamento com antirretroviral e 554 mil n\u00e3o transmitem o HIV.<\/p>\n\n\n\n<p>O balan\u00e7o aponta ainda que o n\u00famero de contaminados continua subindo no pa\u00eds: h\u00e1 um ano, eram 866 mil pessoas. Somente no ano passado, foram notificados 43,9 mil novos casos.<\/p>\n\n\n\n<p>Ao ressaltar que o Brasil oferece acesso universal ao tratamento, n\u00e3o s\u00f3 de Aids, mas tamb\u00e9m HIV, o ministro da Sa\u00fade comemorou a redu\u00e7\u00e3o nos casos e, tamb\u00e9m, na mortandade causada pela doen\u00e7a. Foram evitados quase 12 mil registros de Aids entre 2014 e 2018, e houve queda de mortalidade em 22,8% no per\u00edodo de cinco anos. \u201cEncerrando o ano de 2019, veremos uma diferen\u00e7a ainda maior. N\u00e3o podemos&nbsp;ter&nbsp;casos de morte com aids\u201d, disse.<\/p>\n\n\n\n<h2 class=\"wp-block-heading\">Campanha<\/h2>\n\n\n\n<p>A nova campanha do Minist\u00e9rio \u00e9 direcionada \u00e0 popula\u00e7\u00e3o jovem, onde a contamina\u00e7\u00e3o est\u00e1 crescendo. O foco \u00e9 refor\u00e7ar a import\u00e2ncia da preven\u00e7\u00e3o, testagem e tratamento: &#8220;Se a d\u00favida acaba, a vida continua. Precisamos incentivar o diagn\u00f3stico precoce para salvar vidas. O maior problema ainda \u00e9 o medo. \u00c9 importante esse incentivo para fazer o teste. Temos que atingir metas internacionais, como algumas cidades j\u00e1 est\u00e3o fazendo. E o Brasil, da forma como est\u00e1 indo, ainda precisa testar 90% da popula\u00e7\u00e3o\u201d, disse o diretor do Departamento de Vigil\u00e2ncia, Preven\u00e7\u00e3o e Controle das Infec\u00e7\u00f5es Sexualmente Transmiss\u00edveis, do HIV\/Aids, Gerson Pereira.<\/p>\n\n\n\n<p>At\u00e9 o fim do ano, o governo estima que ser\u00e3o distribu\u00eddos 462 milh\u00f5es de preservativos, que segundo o Minist\u00e9rio \u00e9 a forma mais eficaz de preven\u00e7\u00e3o. HIV e Aids t\u00eam diferen\u00e7a. A primeira situa\u00e7\u00e3o \u00e9 quando a pessoa \u00e9 portadora do v\u00edrus. Na&nbsp;segunda, o infectado j\u00e1 desenvolveu a doen\u00e7a.<\/p>\n\n\n\n<h2 class=\"wp-block-heading\">Transmiss\u00e3o vertical<\/h2>\n\n\n\n<p>Mandetta tamb\u00e9m comemorou a informa\u00e7\u00e3o de que o munic\u00edpio de S\u00e3o Paulo receber\u00e1 certifica\u00e7\u00e3o pela erradica\u00e7\u00e3o vertical do HIV, quando o v\u00edrus \u00e9 transmitido durante a gesta\u00e7\u00e3o, parto e amamenta\u00e7\u00e3o. No Paran\u00e1, as cidades de Curitiba e Umuarama foram as primeiras a serem certificadas em 2017 e 2019, respectivamente.<\/p>\n","protected":false},"excerpt":{"rendered":"<p>\u00c0s v\u00e9speras do Dia Mundial de Luta Contra a Aids, celebrado no&nbsp;domingo&nbsp;(1) o Minist\u00e9rio da Sa\u00fade fez um alerta: 135 mil pessoas no Brasil convivem&hellip; <\/p>\n","protected":false},"author":1,"featured_media":54846,"comment_status":"closed","ping_status":"closed","sticky":false,"template":"","format":"standard","meta":{"sfsi_plus_gutenberg_text_before_share":"","sfsi_plus_gutenberg_show_text_before_share":"","sfsi_plus_gutenberg_icon_type":"","sfsi_plus_gutenberg_icon_alignemt":"","sfsi_plus_gutenburg_max_per_row":"","footnotes":""},"categories":[50,16],"tags":[],"class_list":["post-138618","post","type-post","status-publish","format-standard","has-post-thumbnail","hentry","category-destaque","category-saude"],"_links":{"self":[{"href":"https:\/\/www.caririemacao.com\/1\/wp-json\/wp\/v2\/posts\/138618","targetHints":{"allow":["GET"]}}],"collection":[{"href":"https:\/\/www.caririemacao.com\/1\/wp-json\/wp\/v2\/posts"}],"about":[{"href":"https:\/\/www.caririemacao.com\/1\/wp-json\/wp\/v2\/types\/post"}],"author":[{"embeddable":true,"href":"https:\/\/www.caririemacao.com\/1\/wp-json\/wp\/v2\/users\/1"}],"replies":[{"embeddable":true,"href":"https:\/\/www.caririemacao.com\/1\/wp-json\/wp\/v2\/comments?post=138618"}],"version-history":[{"count":1,"href":"https:\/\/www.caririemacao.com\/1\/wp-json\/wp\/v2\/posts\/138618\/revisions"}],"predecessor-version":[{"id":138619,"href":"https:\/\/www.caririemacao.com\/1\/wp-json\/wp\/v2\/posts\/138618\/revisions\/138619"}],"wp:featuredmedia":[{"embeddable":true,"href":"https:\/\/www.caririemacao.com\/1\/wp-json\/wp\/v2\/media\/54846"}],"wp:attachment":[{"href":"https:\/\/www.caririemacao.com\/1\/wp-json\/wp\/v2\/media?parent=138618"}],"wp:term":[{"taxonomy":"category","embeddable":true,"href":"https:\/\/www.caririemacao.com\/1\/wp-json\/wp\/v2\/categories?post=138618"},{"taxonomy":"post_tag","embeddable":true,"href":"https:\/\/www.caririemacao.com\/1\/wp-json\/wp\/v2\/tags?post=138618"}],"curies":[{"name":"wp","href":"https:\/\/api.w.org\/{rel}","templated":true}]}}