{"id":138621,"date":"2019-11-29T14:12:13","date_gmt":"2019-11-29T17:12:13","guid":{"rendered":"http:\/\/www.caririemacao.com\/1\/?p=138621"},"modified":"2019-11-29T14:12:13","modified_gmt":"2019-11-29T17:12:13","slug":"vasco-perde-para-o-sao-paulo-e-ve-libertadores-mais-distante","status":"publish","type":"post","link":"https:\/\/www.caririemacao.com\/1\/2019\/11\/29\/vasco-perde-para-o-sao-paulo-e-ve-libertadores-mais-distante\/","title":{"rendered":"Vasco perde para o S\u00e3o Paulo e v\u00ea Libertadores mais distante"},"content":{"rendered":"\n<p>Se de um lado a torcida vasca\u00edna bate recordes com a ades\u00e3o em massa de novos s\u00f3cios ao clube, de outro o time n\u00e3o correspondeu ontem (28) em campo &nbsp;No dia em que o clube atingiu a marca de mais de 80 mil s\u00f3cios, a equipe de Vanderlei Luxemburgo perdeu para o S\u00e3o Paulo por 1 a 0, no Morumbi, com gol de Antony, aos seis minutos do primeiro tempo.<\/p>\n\n\n\n<p>A empolga\u00e7\u00e3o dos torcedores n\u00e3o se refletiu no gramado. Ap\u00e1tico, o Vasco n\u00e3o lembrava em nada o time vibrante que venceu o CSA fora de casa por 3 a 0 e empatou com o Flamengo em 4 a 4, no Maracan\u00e3. Com 44 pontos na tabela e na 12\u00aa posi\u00e7\u00e3o, o Cruz-Maltino praticamente n\u00e3o corre risco de rebaixamento, mas desperdi\u00e7ou a oportunidade de aumentar as chances de lutar por uma vaga na Libertadores do ano que vem. O t\u00e9cnico Vanderlei Luxemburgo criticou a atua\u00e7\u00e3o da equipe.<\/p>\n\n\n\n<p>\u201cFoi bem aqu\u00e9m daquilo que v\u00ednhamos participando, mas era algo que podia acontecer. Uma equipe que estava fadada desde o in\u00edcio da competi\u00e7\u00e3o a cair, que todo mundo falava que poderia ir para a&nbsp;segunda&nbsp;divis\u00e3o, e n\u00f3s conseguimos. Voc\u00ea sente o dever cumprido e esquece que ainda falta o confronto contra o S\u00e3o Paulo e mais tr\u00eas jogos para terminar, e terminar de uma maneira correta, trabalhando, digna.&nbsp;Hoje&nbsp;faltou um pouquinho de determina\u00e7\u00e3o e de aplica\u00e7\u00e3o\u201d.<\/p>\n","protected":false},"excerpt":{"rendered":"<p>Se de um lado a torcida vasca\u00edna bate recordes com a ades\u00e3o em massa de novos s\u00f3cios ao clube, de outro o time n\u00e3o correspondeu&hellip; <\/p>\n","protected":false},"author":1,"featured_media":74062,"comment_status":"closed","ping_status":"closed","sticky":false,"template":"","format":"standard","meta":{"sfsi_plus_gutenberg_text_before_share":"","sfsi_plus_gutenberg_show_text_before_share":"","sfsi_plus_gutenberg_icon_type":"","sfsi_plus_gutenberg_icon_alignemt":"","sfsi_plus_gutenburg_max_per_row":"","footnotes":""},"categories":[13],"tags":[],"class_list":["post-138621","post","type-post","status-publish","format-standard","has-post-thumbnail","hentry","category-esportes"],"_links":{"self":[{"href":"https:\/\/www.caririemacao.com\/1\/wp-json\/wp\/v2\/posts\/138621","targetHints":{"allow":["GET"]}}],"collection":[{"href":"https:\/\/www.caririemacao.com\/1\/wp-json\/wp\/v2\/posts"}],"about":[{"href":"https:\/\/www.caririemacao.com\/1\/wp-json\/wp\/v2\/types\/post"}],"author":[{"embeddable":true,"href":"https:\/\/www.caririemacao.com\/1\/wp-json\/wp\/v2\/users\/1"}],"replies":[{"embeddable":true,"href":"https:\/\/www.caririemacao.com\/1\/wp-json\/wp\/v2\/comments?post=138621"}],"version-history":[{"count":1,"href":"https:\/\/www.caririemacao.com\/1\/wp-json\/wp\/v2\/posts\/138621\/revisions"}],"predecessor-version":[{"id":138622,"href":"https:\/\/www.caririemacao.com\/1\/wp-json\/wp\/v2\/posts\/138621\/revisions\/138622"}],"wp:featuredmedia":[{"embeddable":true,"href":"https:\/\/www.caririemacao.com\/1\/wp-json\/wp\/v2\/media\/74062"}],"wp:attachment":[{"href":"https:\/\/www.caririemacao.com\/1\/wp-json\/wp\/v2\/media?parent=138621"}],"wp:term":[{"taxonomy":"category","embeddable":true,"href":"https:\/\/www.caririemacao.com\/1\/wp-json\/wp\/v2\/categories?post=138621"},{"taxonomy":"post_tag","embeddable":true,"href":"https:\/\/www.caririemacao.com\/1\/wp-json\/wp\/v2\/tags?post=138621"}],"curies":[{"name":"wp","href":"https:\/\/api.w.org\/{rel}","templated":true}]}}