{"id":138628,"date":"2019-11-29T14:14:24","date_gmt":"2019-11-29T17:14:24","guid":{"rendered":"http:\/\/www.caririemacao.com\/1\/?p=138628"},"modified":"2019-11-29T14:14:24","modified_gmt":"2019-11-29T17:14:24","slug":"consumidor-opta-por-fazer-pesquisa-na-internet-antes-de-ir-as-compras-pessoalmente","status":"publish","type":"post","link":"https:\/\/www.caririemacao.com\/1\/2019\/11\/29\/consumidor-opta-por-fazer-pesquisa-na-internet-antes-de-ir-as-compras-pessoalmente\/","title":{"rendered":"Consumidor opta por fazer pesquisa na internet antes de ir \u00e0s compras pessoalmente"},"content":{"rendered":"\n<p>Apesar de mais movimentadas do que em sextas-feiras comuns, as lojas do centro de S\u00e3o Paulo n\u00e3o ficaram abarrotadas de consumidores na manh\u00e3 desta sexta-feira (29) para os descontos da Black Friday.<\/p>\n\n\n\n<p>Nas redes de varejo Magazine Luiza, Casas Bahia e Americanas, a concentra\u00e7\u00e3o de clientes se destacou na se\u00e7\u00e3o de celulares, cujos descontos chegaram a R$ 1.000 \u2013alguns com ofertas superiores a 40%.<\/p>\n\n\n\n<p>O paulistano M\u00e1rio Roberto, 45, j\u00e1 havia comprado um liquidificador e uma televis\u00e3o e buscava um celular para o filho.<\/p>\n\n\n\n<p>\u201cNa TV, consegui desconto de R$ 700. Agora quero ver se encontro um aparelho com pre\u00e7o bom para o meu filho.\u201d<br>Jos\u00e9 Ribeiro, 58, diz que sua expectativa era maior em rela\u00e7\u00e3o aos pre\u00e7os da Black Friday. Procurava encontrar um smartphone por R$ 700, mas n\u00e3o conseguiu por menos de R$ 1.200.<\/p>\n\n\n\n<p>\u201cEncontrei pre\u00e7o melhores na internet. N\u00e3o estou achando que vale tanto a promo\u00e7\u00e3o aqui\u201d, afirmou Ribeiro, que adquiriu um esfregador de ch\u00e3o girat\u00f3rio.<\/p>\n\n\n\n<p>A pesquisa na internet foi um pr\u00e9-requisito aos consumidores que foram \u00e0s compras nas lojas f\u00edsicas na manh\u00e3 desta sexta-feira.<\/p>\n\n\n\n<p>O funcion\u00e1rio p\u00fablico Andr\u00e9 Leal, 32, fez uma lista com os produtos que desejava e analisou os valores online antes de ir ao centro da cidade.<\/p>\n\n\n\n<p>\u201cEstou atr\u00e1s de um ventilador, uma geladeira e um mixer. Pesquisei no site e percebi que na loja f\u00edsica n\u00e3o est\u00e1 valendo a pena.\u201d<\/p>\n\n\n\n<p>Neste ano, a estimativa \u00e9 que as vendas online cres\u00e7am 18% em rela\u00e7\u00e3o a 2018, de acordo com dados da ABComm, associa\u00e7\u00e3o brasileira de ecommerce.<\/p>\n\n\n\n<p>Emanuel Jean, 32, foi o \u00fanico que a reportagem identificou a figurar a tradicional cena de Black Friday de consumidores carregando caixa de televis\u00e3o no pr\u00f3prio ombro.<\/p>\n\n\n\n<p>Ele diz que aguardava a data h\u00e1 muito tempo para adquirir um novo aparelho.<\/p>\n\n\n\n<p>\u201cMarquei para comprar agora na Black Friday. Paguei uma TV de 43 polegadas com 10% de desconto. Foi um pre\u00e7o bom, mas n\u00e3o vou comprar mais nada\u201d, afirma.<\/p>\n\n\n\n<p>Entre as varejistas visitadas pela reportagem nesta manh\u00e3, as Lojas Americanas foi a que apresentou a maior fila, com ao menos 50 pessoas por volta das 10h.<\/p>\n\n\n\n<p>Em vez de eletrodom\u00e9sticos, celulares e itens mais caros, os consumidores aproveitaram as ofertas da data para fazer estoque de produtos de higiene pessoal, alimenta\u00e7\u00e3o e roupa \u00edntima.<\/p>\n\n\n\n<p>A cueca boxer da Zorba era vendida nesta manh\u00e3 por R$ 9,99, enquanto h\u00e1 uma semana o pre\u00e7o era de R$ 19,99. Cremes e tintura para cabelo tamb\u00e9m entraram na liquida\u00e7\u00e3o.<\/p>\n\n\n\n<p>Os descontos chegam a R$ 3 e R$ 4.Em vez de um xampu, d\u00e1 para levar dois ou tr\u00eas\u201d, afirma Cleide de Sousa, 38.<\/p>\n\n\n\n<p>Com a cesta cheia, Marco Ant\u00f4nio de Campos, 45, comprou caixas de creme dental por R$ 0,99.<\/p>\n\n\n\n<p>\u201cNormalmente pago uns R$ 2 mais ou menos. Tamb\u00e9m levei xampu, condicionador, chocolate e bolacha\u201d, diz.<\/p>\n","protected":false},"excerpt":{"rendered":"<p>Apesar de mais movimentadas do que em sextas-feiras comuns, as lojas do centro de S\u00e3o Paulo n\u00e3o ficaram abarrotadas de consumidores na manh\u00e3 desta sexta-feira&hellip; <\/p>\n","protected":false},"author":1,"featured_media":73919,"comment_status":"closed","ping_status":"closed","sticky":false,"template":"","format":"standard","meta":{"sfsi_plus_gutenberg_text_before_share":"","sfsi_plus_gutenberg_show_text_before_share":"","sfsi_plus_gutenberg_icon_type":"","sfsi_plus_gutenberg_icon_alignemt":"","sfsi_plus_gutenburg_max_per_row":"","footnotes":""},"categories":[2],"tags":[],"class_list":["post-138628","post","type-post","status-publish","format-standard","has-post-thumbnail","hentry","category-geral"],"_links":{"self":[{"href":"https:\/\/www.caririemacao.com\/1\/wp-json\/wp\/v2\/posts\/138628","targetHints":{"allow":["GET"]}}],"collection":[{"href":"https:\/\/www.caririemacao.com\/1\/wp-json\/wp\/v2\/posts"}],"about":[{"href":"https:\/\/www.caririemacao.com\/1\/wp-json\/wp\/v2\/types\/post"}],"author":[{"embeddable":true,"href":"https:\/\/www.caririemacao.com\/1\/wp-json\/wp\/v2\/users\/1"}],"replies":[{"embeddable":true,"href":"https:\/\/www.caririemacao.com\/1\/wp-json\/wp\/v2\/comments?post=138628"}],"version-history":[{"count":1,"href":"https:\/\/www.caririemacao.com\/1\/wp-json\/wp\/v2\/posts\/138628\/revisions"}],"predecessor-version":[{"id":138629,"href":"https:\/\/www.caririemacao.com\/1\/wp-json\/wp\/v2\/posts\/138628\/revisions\/138629"}],"wp:featuredmedia":[{"embeddable":true,"href":"https:\/\/www.caririemacao.com\/1\/wp-json\/wp\/v2\/media\/73919"}],"wp:attachment":[{"href":"https:\/\/www.caririemacao.com\/1\/wp-json\/wp\/v2\/media?parent=138628"}],"wp:term":[{"taxonomy":"category","embeddable":true,"href":"https:\/\/www.caririemacao.com\/1\/wp-json\/wp\/v2\/categories?post=138628"},{"taxonomy":"post_tag","embeddable":true,"href":"https:\/\/www.caririemacao.com\/1\/wp-json\/wp\/v2\/tags?post=138628"}],"curies":[{"name":"wp","href":"https:\/\/api.w.org\/{rel}","templated":true}]}}