{"id":138630,"date":"2019-11-29T14:17:57","date_gmt":"2019-11-29T17:17:57","guid":{"rendered":"http:\/\/www.caririemacao.com\/1\/?p=138630"},"modified":"2019-11-29T14:17:57","modified_gmt":"2019-11-29T17:17:57","slug":"saiba-quem-e-a-cantora-mais-ouvida-no-brasil-e-a-terceira-no-mundo","status":"publish","type":"post","link":"https:\/\/www.caririemacao.com\/1\/2019\/11\/29\/saiba-quem-e-a-cantora-mais-ouvida-no-brasil-e-a-terceira-no-mundo\/","title":{"rendered":"Saiba quem \u00e9 a cantora mais ouvida no Brasil e a terceira no mundo"},"content":{"rendered":"\n<p>N\u00e3o tem para ningu\u00e9m. A cantora Mar\u00edlia Mendon\u00e7a, 24, \u00e9 a artista mais ouvida na plataforma Deezer no pa\u00eds. Al\u00e9m disso, em \u00e2mbito mundial, a cantora, que est\u00e1 gr\u00e1vida de seu primeiro filho, aparece em terceiro lugar entre os mais escutados.<\/p>\n\n\n\n<p>Mar\u00edlia tentava essa primeira coloca\u00e7\u00e3o h\u00e1 tr\u00eas anos. Em 2017, ficou em segundo lugar no Brasil. No ano passado, ela caiu para a terceira coloca\u00e7\u00e3o dentre as mais executadas.<\/p>\n\n\n\n<p>Agora no topo da lista, a artista goiana deixou para tr\u00e1s nomes como Z\u00e9 Neto &amp; Cristiano (2\u00ba), Gusttavo Lima (3\u00ba) e Anitta (4\u00ba). Entre os top 10 artistas de 2019, sete s\u00e3o do g\u00eanero sertanejo.<\/p>\n\n\n\n<p>\u201cEsse ano, para mim, tem sido um dos melhores da minha vida\u201d, aponta a cantora, cuja felicidade \u00e9 duplicada com o beb\u00ea que carrega. \u201cEntre tantas not\u00edcias boas, sem a menor d\u00favida, a chegada do Leo foi a mais especial.\u201d<\/p>\n\n\n\n<p>Globalmente, Mar\u00edlia tamb\u00e9m fez bonito e, segundo dados da plataforma, aparece em destaque na terceira coloca\u00e7\u00e3o dentre artistas mais ouvidos no mundo. Fica atr\u00e1s de J. Balvin e do franc\u00eas Ninho. Deixou para tr\u00e1s os renomados Ed Sheeran (6\u00ba) e Ariana Grande (8\u00ba).<\/p>\n\n\n\n<p>O \u00e1lbum da brasileira, \u201cTodos os Cantos\u201d, ficou na 5\u00aa coloca\u00e7\u00e3o do ranking mundial este ano dos mais tocados. No Brasil, o disco aparece no topo.<\/p>\n\n\n\n<p>\u201cFoi o ano em que dei in\u00edcio \u00e0 realiza\u00e7\u00e3o de um grande sonho, o projeto \u2018Todos os Cantos\u2019. Meu p\u00fablico abra\u00e7ou todas as m\u00fasicas que lan\u00e7amos at\u00e9 agora desse trabalho e, com certeza, esse resultado \u00e9 mais uma conquista e uma felicidade que compartilho com todos que me acompanham e que gostam do meu trabalho\u201d, completa a artista.<\/p>\n","protected":false},"excerpt":{"rendered":"<p>N\u00e3o tem para ningu\u00e9m. A cantora Mar\u00edlia Mendon\u00e7a, 24, \u00e9 a artista mais ouvida na plataforma Deezer no pa\u00eds. Al\u00e9m disso, em \u00e2mbito mundial, a&hellip; <\/p>\n","protected":false},"author":1,"featured_media":138631,"comment_status":"closed","ping_status":"closed","sticky":false,"template":"","format":"standard","meta":{"sfsi_plus_gutenberg_text_before_share":"","sfsi_plus_gutenberg_show_text_before_share":"","sfsi_plus_gutenberg_icon_type":"","sfsi_plus_gutenberg_icon_alignemt":"","sfsi_plus_gutenburg_max_per_row":"","footnotes":""},"categories":[2],"tags":[],"class_list":["post-138630","post","type-post","status-publish","format-standard","has-post-thumbnail","hentry","category-geral"],"_links":{"self":[{"href":"https:\/\/www.caririemacao.com\/1\/wp-json\/wp\/v2\/posts\/138630","targetHints":{"allow":["GET"]}}],"collection":[{"href":"https:\/\/www.caririemacao.com\/1\/wp-json\/wp\/v2\/posts"}],"about":[{"href":"https:\/\/www.caririemacao.com\/1\/wp-json\/wp\/v2\/types\/post"}],"author":[{"embeddable":true,"href":"https:\/\/www.caririemacao.com\/1\/wp-json\/wp\/v2\/users\/1"}],"replies":[{"embeddable":true,"href":"https:\/\/www.caririemacao.com\/1\/wp-json\/wp\/v2\/comments?post=138630"}],"version-history":[{"count":1,"href":"https:\/\/www.caririemacao.com\/1\/wp-json\/wp\/v2\/posts\/138630\/revisions"}],"predecessor-version":[{"id":138632,"href":"https:\/\/www.caririemacao.com\/1\/wp-json\/wp\/v2\/posts\/138630\/revisions\/138632"}],"wp:featuredmedia":[{"embeddable":true,"href":"https:\/\/www.caririemacao.com\/1\/wp-json\/wp\/v2\/media\/138631"}],"wp:attachment":[{"href":"https:\/\/www.caririemacao.com\/1\/wp-json\/wp\/v2\/media?parent=138630"}],"wp:term":[{"taxonomy":"category","embeddable":true,"href":"https:\/\/www.caririemacao.com\/1\/wp-json\/wp\/v2\/categories?post=138630"},{"taxonomy":"post_tag","embeddable":true,"href":"https:\/\/www.caririemacao.com\/1\/wp-json\/wp\/v2\/tags?post=138630"}],"curies":[{"name":"wp","href":"https:\/\/api.w.org\/{rel}","templated":true}]}}