{"id":138634,"date":"2019-11-29T14:23:16","date_gmt":"2019-11-29T17:23:16","guid":{"rendered":"http:\/\/www.caririemacao.com\/1\/?p=138634"},"modified":"2019-11-29T14:23:16","modified_gmt":"2019-11-29T17:23:16","slug":"concurso-publico-em-joao-pessoa-veja-cargos-vagas-e-as-demais-informacoes","status":"publish","type":"post","link":"https:\/\/www.caririemacao.com\/1\/2019\/11\/29\/concurso-publico-em-joao-pessoa-veja-cargos-vagas-e-as-demais-informacoes\/","title":{"rendered":"Concurso p\u00fablico em Jo\u00e3o Pessoa: veja cargos, vagas e as demais informa\u00e7\u00f5es"},"content":{"rendered":"\n<p>Dando sequ\u00eancia \u00e0 a\u00e7\u00e3o \u201cCidade que tem mais Oportunidades\u201d, o prefeito de Jo\u00e3o Pessoa, Luciano Cartaxo, anunciou, nesta quinta-feira (28), a abertura de 1.159 vagas por concurso p\u00fablico.<\/p>\n\n\n\n<p>A sele\u00e7\u00e3o vai abranger 16 \u00e1reas de atua\u00e7\u00e3o profissional, destinadas a cinco diferentes secretarias da administra\u00e7\u00e3o, com maior destaque para a sa\u00fade e a educa\u00e7\u00e3o. As inscri\u00e7\u00f5es, abertas no pr\u00f3ximo ano, ir\u00e3o beneficiar pessoas dos ensinos fundamental, m\u00e9dio, t\u00e9cnico e superior.<\/p>\n\n\n\n<p>Depois do concurso para 1.300 servidores, a educa\u00e7\u00e3o de Jo\u00e3o Pessoa abrir\u00e1 700 novas vagas, totalizando 2 mil contrata\u00e7\u00f5es. Todas elas ser\u00e3o destinadas \u00e0 maior rede creches da Para\u00edba, que saiu de 4 mil para mais de 14 mil estudantes.<\/p>\n\n\n\n<p>A sele\u00e7\u00e3o vai contemplar 400 professores, 200 auxiliares de sala de aula e 100 novos profissionais para atuar nos ber\u00e7\u00e1rios, cujo n\u00famero de beb\u00eas atendidos aumentou nove vezes nos \u00faltimos sete anos.<\/p>\n\n\n\n<p>Na \u00e1rea da sa\u00fade ser\u00e3o abertas 399 vagas para m\u00e9dicos, enfermeiros, t\u00e9cnicos de enfermagem, biom\u00e9dicos, cirurgi\u00e3o dentista, fisioterapeuta, nutricionista e psic\u00f3logo, al\u00e9m de t\u00e9cnicos em radiologia, laborat\u00f3rio e imobiliza\u00e7\u00e3o ortop\u00e9dica.<\/p>\n\n\n\n<p>Aproximadamente 80% dos profissionais ir\u00e3o atuar no Hospital Ortotrauma de Mangabeira. Os outros 20% ser\u00e3o destinados ao Instituto C\u00e2ndida Vargas, que passou a contar com a Casa M\u00e3e Beb\u00ea.<\/p>\n\n\n\n<p>Fundamental para o deslocamento urbano, a \u00e1rea de mobilidade ter\u00e1 43 novas vagas para agentes da Superintend\u00eancia Executiva de Mobilidade Urbana (Semob).<\/p>\n\n\n\n<p>Os profissionais ser\u00e3o respons\u00e1veis pelo monitoramento de ruas e avenidas da Capital cujo trabalho vem sendo refor\u00e7ado com a melhoria da malha vi\u00e1ria, com programas como A\u00e7\u00e3o Asfalto e Mais Pavimenta\u00e7\u00e3o, e tamb\u00e9m com a ilumina\u00e7\u00e3o mais eficiente do LED nas Ruas.<\/p>\n\n\n\n<p>O prefeito Luciano Cartaxo afirmou que a cidade vem preservando o equil\u00edbrio fiscal, com um modelo de gest\u00e3o moderno que aumenta a capacidade dos servi\u00e7os oferecidos a popula\u00e7\u00e3o, priorizando o ingresso por concurso.<\/p>\n\n\n\n<p>\u201cEm Jo\u00e3o Pessoa, temos compromisso com a carreira p\u00fablica. J\u00e1 contratamos mais de tr\u00eas mil e quinhentos servidores por concurso e vamos alcan\u00e7ar a marca de quase 5 mil profissionais que ir\u00e3o entrar pela porta da frente do servi\u00e7o p\u00fablico, respons\u00e1veis por um trabalho fundamental na vida da cidade e das pessoas\u201d, disse.<\/p>\n\n\n\n<p>Outras \u00e1reas \u2013 A Prefeitura de Jo\u00e3o Pessoa tamb\u00e9m ter\u00e1 vagas abertas para analistas de tecnologia da informa\u00e7\u00e3o e contadores. \u201cAs sele\u00e7\u00f5es v\u00e3o ocorrer por \u00e1rea administrativa da gest\u00e3o, sempre com editais espec\u00edficos. O an\u00fancio, feito j\u00e1 este ano, ir\u00e1 permitir que os interessados tenham ainda mais de tempo de prepara\u00e7\u00e3o para as provas\u201d, apontou o secret\u00e1rio de Administra\u00e7\u00e3o, Lauro Montenegro.<br><\/p>\n","protected":false},"excerpt":{"rendered":"<p>Dando sequ\u00eancia \u00e0 a\u00e7\u00e3o \u201cCidade que tem mais Oportunidades\u201d, o prefeito de Jo\u00e3o Pessoa, Luciano Cartaxo, anunciou, nesta quinta-feira (28), a abertura de 1.159 vagas&hellip; <\/p>\n","protected":false},"author":1,"featured_media":138635,"comment_status":"closed","ping_status":"closed","sticky":false,"template":"","format":"standard","meta":{"sfsi_plus_gutenberg_text_before_share":"","sfsi_plus_gutenberg_show_text_before_share":"","sfsi_plus_gutenberg_icon_type":"","sfsi_plus_gutenberg_icon_alignemt":"","sfsi_plus_gutenburg_max_per_row":"","footnotes":""},"categories":[6],"tags":[],"class_list":["post-138634","post","type-post","status-publish","format-standard","has-post-thumbnail","hentry","category-cidades"],"_links":{"self":[{"href":"https:\/\/www.caririemacao.com\/1\/wp-json\/wp\/v2\/posts\/138634","targetHints":{"allow":["GET"]}}],"collection":[{"href":"https:\/\/www.caririemacao.com\/1\/wp-json\/wp\/v2\/posts"}],"about":[{"href":"https:\/\/www.caririemacao.com\/1\/wp-json\/wp\/v2\/types\/post"}],"author":[{"embeddable":true,"href":"https:\/\/www.caririemacao.com\/1\/wp-json\/wp\/v2\/users\/1"}],"replies":[{"embeddable":true,"href":"https:\/\/www.caririemacao.com\/1\/wp-json\/wp\/v2\/comments?post=138634"}],"version-history":[{"count":1,"href":"https:\/\/www.caririemacao.com\/1\/wp-json\/wp\/v2\/posts\/138634\/revisions"}],"predecessor-version":[{"id":138636,"href":"https:\/\/www.caririemacao.com\/1\/wp-json\/wp\/v2\/posts\/138634\/revisions\/138636"}],"wp:featuredmedia":[{"embeddable":true,"href":"https:\/\/www.caririemacao.com\/1\/wp-json\/wp\/v2\/media\/138635"}],"wp:attachment":[{"href":"https:\/\/www.caririemacao.com\/1\/wp-json\/wp\/v2\/media?parent=138634"}],"wp:term":[{"taxonomy":"category","embeddable":true,"href":"https:\/\/www.caririemacao.com\/1\/wp-json\/wp\/v2\/categories?post=138634"},{"taxonomy":"post_tag","embeddable":true,"href":"https:\/\/www.caririemacao.com\/1\/wp-json\/wp\/v2\/tags?post=138634"}],"curies":[{"name":"wp","href":"https:\/\/api.w.org\/{rel}","templated":true}]}}