{"id":138638,"date":"2019-11-29T14:24:10","date_gmt":"2019-11-29T17:24:10","guid":{"rendered":"http:\/\/www.caririemacao.com\/1\/?p=138638"},"modified":"2019-11-29T14:24:10","modified_gmt":"2019-11-29T17:24:10","slug":"presidente-do-podemos-diz-que-joao-azevedo-foi-convidado-a-presidir-o-partido-na-paraiba","status":"publish","type":"post","link":"https:\/\/www.caririemacao.com\/1\/2019\/11\/29\/presidente-do-podemos-diz-que-joao-azevedo-foi-convidado-a-presidir-o-partido-na-paraiba\/","title":{"rendered":"Presidente do Podemos diz que Jo\u00e3o Azev\u00eado foi convidado a presidir o partido na Para\u00edba"},"content":{"rendered":"\n<p>A presidente da executiva nacional do partido Podemos, Renata Abreu, confirmou que o governador da Para\u00edba Jo\u00e3o Azev\u00eado (PSB) foi convidado n\u00e3o s\u00f3 para se filiar, como para presidir o partido no estado.<\/p>\n\n\n\n<p>Segundo ela, o governador tem experi\u00eancia administrativa e pol\u00edtica, al\u00e9m de um discurso pacificador que est\u00e1 totalmente alinhado com o Podemos.<\/p>\n\n\n\n<p>Renata Abreu afirmou ainda que, em breve, vir\u00e1 \u00e0 Para\u00edba para fazer o convite pessoalmente a Jo\u00e3o Azev\u00eado.<\/p>\n\n\n\n<p>A presidente do Podemos ressaltou que convite tamb\u00e9m se estende ao senador Veneziano Vital do R\u00eago. \u201cVeneziano \u00e9 um grande amigo. Estou sempre chamando-o para integrar o Podemos. Tanto que a esposa dele, Ana Cl\u00e1udia, j\u00e1 \u00e9 do partido. Se ele entrar, nos daria a maior bancada do Senado Federal\u201d, disse.<\/p>\n","protected":false},"excerpt":{"rendered":"<p>A presidente da executiva nacional do partido Podemos, Renata Abreu, confirmou que o governador da Para\u00edba Jo\u00e3o Azev\u00eado (PSB) foi convidado n\u00e3o s\u00f3 para se&hellip; <\/p>\n","protected":false},"author":1,"featured_media":135403,"comment_status":"closed","ping_status":"closed","sticky":false,"template":"","format":"standard","meta":{"sfsi_plus_gutenberg_text_before_share":"","sfsi_plus_gutenberg_show_text_before_share":"","sfsi_plus_gutenberg_icon_type":"","sfsi_plus_gutenberg_icon_alignemt":"","sfsi_plus_gutenburg_max_per_row":"","footnotes":""},"categories":[11],"tags":[],"class_list":["post-138638","post","type-post","status-publish","format-standard","has-post-thumbnail","hentry","category-politica"],"_links":{"self":[{"href":"https:\/\/www.caririemacao.com\/1\/wp-json\/wp\/v2\/posts\/138638","targetHints":{"allow":["GET"]}}],"collection":[{"href":"https:\/\/www.caririemacao.com\/1\/wp-json\/wp\/v2\/posts"}],"about":[{"href":"https:\/\/www.caririemacao.com\/1\/wp-json\/wp\/v2\/types\/post"}],"author":[{"embeddable":true,"href":"https:\/\/www.caririemacao.com\/1\/wp-json\/wp\/v2\/users\/1"}],"replies":[{"embeddable":true,"href":"https:\/\/www.caririemacao.com\/1\/wp-json\/wp\/v2\/comments?post=138638"}],"version-history":[{"count":1,"href":"https:\/\/www.caririemacao.com\/1\/wp-json\/wp\/v2\/posts\/138638\/revisions"}],"predecessor-version":[{"id":138639,"href":"https:\/\/www.caririemacao.com\/1\/wp-json\/wp\/v2\/posts\/138638\/revisions\/138639"}],"wp:featuredmedia":[{"embeddable":true,"href":"https:\/\/www.caririemacao.com\/1\/wp-json\/wp\/v2\/media\/135403"}],"wp:attachment":[{"href":"https:\/\/www.caririemacao.com\/1\/wp-json\/wp\/v2\/media?parent=138638"}],"wp:term":[{"taxonomy":"category","embeddable":true,"href":"https:\/\/www.caririemacao.com\/1\/wp-json\/wp\/v2\/categories?post=138638"},{"taxonomy":"post_tag","embeddable":true,"href":"https:\/\/www.caririemacao.com\/1\/wp-json\/wp\/v2\/tags?post=138638"}],"curies":[{"name":"wp","href":"https:\/\/api.w.org\/{rel}","templated":true}]}}