{"id":138640,"date":"2019-11-29T14:25:00","date_gmt":"2019-11-29T17:25:00","guid":{"rendered":"http:\/\/www.caririemacao.com\/1\/?p=138640"},"modified":"2019-11-29T14:25:00","modified_gmt":"2019-11-29T17:25:00","slug":"detran-pb-suspende-transferencia-de-veiculos-de-outros-estados-em-dezembro","status":"publish","type":"post","link":"https:\/\/www.caririemacao.com\/1\/2019\/11\/29\/detran-pb-suspende-transferencia-de-veiculos-de-outros-estados-em-dezembro\/","title":{"rendered":"Detran-PB suspende transfer\u00eancia de ve\u00edculos de outros Estados em dezembro"},"content":{"rendered":"\n<p>A dire\u00e7\u00e3o do Departamento Estadual de Tr\u00e2nsito (Detran-PB) informou nesta quinta-feira (28) que o servi\u00e7o de transfer\u00eancia de ve\u00edculos origin\u00e1rios de outros estados ser\u00e1 suspenso a partir do pr\u00f3ximo dia 14 de dezembro.&nbsp;A suspens\u00e3o segue&nbsp;at\u00e9 31 de dezembro, e se deve \u00e0 necessidade de adequa\u00e7\u00e3o ao sistema de placas Mercosul.&nbsp;<\/p>\n\n\n\n<p>Ainda de acordo com a dire\u00e7\u00e3o, a suspens\u00e3o acontece&nbsp;para evitar que os processos n\u00e3o sejam conclu\u00eddos a tempo, gerando d\u00e9bitos de licenciamento e de IPVA aos usu\u00e1rios.<\/p>\n\n\n\n<p>J\u00e1 os Certificados de Registros de Ve\u00edculos (CRVs) com vencimentos nessa data tramitar\u00e3o sem a incid\u00eancia da multa referente ao vencimento do recibo de compra e venda do ve\u00edculo at\u00e9 o primeiro dia \u00fatil do m\u00eas de janeiro de 2020.<\/p>\n","protected":false},"excerpt":{"rendered":"<p>A dire\u00e7\u00e3o do Departamento Estadual de Tr\u00e2nsito (Detran-PB) informou nesta quinta-feira (28) que o servi\u00e7o de transfer\u00eancia de ve\u00edculos origin\u00e1rios de outros estados ser\u00e1 suspenso&hellip; <\/p>\n","protected":false},"author":1,"featured_media":132331,"comment_status":"closed","ping_status":"closed","sticky":false,"template":"","format":"standard","meta":{"sfsi_plus_gutenberg_text_before_share":"","sfsi_plus_gutenberg_show_text_before_share":"","sfsi_plus_gutenberg_icon_type":"","sfsi_plus_gutenberg_icon_alignemt":"","sfsi_plus_gutenburg_max_per_row":"","footnotes":""},"categories":[2],"tags":[],"class_list":["post-138640","post","type-post","status-publish","format-standard","has-post-thumbnail","hentry","category-geral"],"_links":{"self":[{"href":"https:\/\/www.caririemacao.com\/1\/wp-json\/wp\/v2\/posts\/138640","targetHints":{"allow":["GET"]}}],"collection":[{"href":"https:\/\/www.caririemacao.com\/1\/wp-json\/wp\/v2\/posts"}],"about":[{"href":"https:\/\/www.caririemacao.com\/1\/wp-json\/wp\/v2\/types\/post"}],"author":[{"embeddable":true,"href":"https:\/\/www.caririemacao.com\/1\/wp-json\/wp\/v2\/users\/1"}],"replies":[{"embeddable":true,"href":"https:\/\/www.caririemacao.com\/1\/wp-json\/wp\/v2\/comments?post=138640"}],"version-history":[{"count":1,"href":"https:\/\/www.caririemacao.com\/1\/wp-json\/wp\/v2\/posts\/138640\/revisions"}],"predecessor-version":[{"id":138641,"href":"https:\/\/www.caririemacao.com\/1\/wp-json\/wp\/v2\/posts\/138640\/revisions\/138641"}],"wp:featuredmedia":[{"embeddable":true,"href":"https:\/\/www.caririemacao.com\/1\/wp-json\/wp\/v2\/media\/132331"}],"wp:attachment":[{"href":"https:\/\/www.caririemacao.com\/1\/wp-json\/wp\/v2\/media?parent=138640"}],"wp:term":[{"taxonomy":"category","embeddable":true,"href":"https:\/\/www.caririemacao.com\/1\/wp-json\/wp\/v2\/categories?post=138640"},{"taxonomy":"post_tag","embeddable":true,"href":"https:\/\/www.caririemacao.com\/1\/wp-json\/wp\/v2\/tags?post=138640"}],"curies":[{"name":"wp","href":"https:\/\/api.w.org\/{rel}","templated":true}]}}