{"id":138645,"date":"2019-11-29T14:29:16","date_gmt":"2019-11-29T17:29:16","guid":{"rendered":"http:\/\/www.caririemacao.com\/1\/?p=138645"},"modified":"2019-11-29T14:29:16","modified_gmt":"2019-11-29T17:29:16","slug":"weintraub-anuncia-liberacao-de-r-125-milhoes-adicionais-para-universidades","status":"publish","type":"post","link":"https:\/\/www.caririemacao.com\/1\/2019\/11\/29\/weintraub-anuncia-liberacao-de-r-125-milhoes-adicionais-para-universidades\/","title":{"rendered":"Weintraub anuncia libera\u00e7\u00e3o de R$ 125 milh\u00f5es adicionais para universidades"},"content":{"rendered":"\n<p>O ministro da Educa\u00e7\u00e3o, Abraham Weintraub, anunciou&nbsp;hoje (29) que o governo vai disponibilizar R$ 125 milh\u00f5es em recursos extras para as universidades federais. De acordo com o ministro, 65% dos recursos ser\u00e3o destinados para a aquisi\u00e7\u00e3o de pain\u00e9is solares e o restante para a conclus\u00e3o de obras paradas ou em andamento.<\/p>\n\n\n\n<p>\u201cEstamos liberando recursos para investimentos em energia fotovoltaica renov\u00e1vel e isso vai liberar or\u00e7amento na veia para as universidades\u201d, disse o ministro.<\/p>\n\n\n\n<p>Os recursos, advindos de remanejamento do or\u00e7amento da Secret\u00e1ria de Educa\u00e7\u00e3o Superior (Sesu), ser\u00e3o distribu\u00eddos para todas as 63 universidades federais, que em m\u00e9dia receber\u00e3o cerca de R$ 2,5 milh\u00f5es. Mas, segundo o secret\u00e1rio de Ensino Superior, Arnaldo Lima,&nbsp;ter\u00e3o acesso a um volume maior de recursos as universidades que estiverem melhor classificadas em um ranking do minist\u00e9rio que avalia a qualidade e desempenho e que tenham o menor custo por aluno.<\/p>\n\n\n\n<p>Para tanto, as universidades foram classificadas em cinco faixas. Quanto maior for a pontua\u00e7\u00e3o no ranking, maior ser\u00e1 o volume de recursos recebidos.<\/p>\n\n\n\n<p>De acordo com a assessoria do minist\u00e9rio, o objetivo \u00e9 beneficiar as universidades que possuem menores condi\u00e7\u00f5es or\u00e7ament\u00e1rias de realizar esse tipo de investimento. A estimativa do Minist\u00e9rio da Educa\u00e7\u00e3o \u00e9 que ap\u00f3s a implanta\u00e7\u00e3o dos pain\u00e9is haja uma redu\u00e7\u00e3o m\u00e9dia nas contas de luz das universidades de at\u00e9 25,5 milh\u00f5es por ano.<\/p>\n\n\n\n<p><strong>Mercosul<\/strong><\/p>\n\n\n\n<p>Durante a coletiva de imprensa para anunciar a libera\u00e7\u00e3o dos recursos, o ministro disse ainda que o Brasil n\u00e3o vai mais participar das reuni\u00f5es do Mercosul, grupo que re\u00fane Brasil, Argentina, Uruguai, Paraguai e Venezuela, que tratam de educa\u00e7\u00e3o.<\/p>\n\n\n\n<p>Segundo o ministro a decis\u00e3o foi motivada por n\u00e3o haver \u201cresultados concretos\u201d das reuni\u00f5es. O ministro tamb\u00e9m afirmou que, na pr\u00e1tica, a decis\u00e3o n\u00e3o muda a rela\u00e7\u00e3o do Brasil com o Mercosul.<\/p>\n\n\n\n<p>\u201cDepois de 28 anos que o Brasil est\u00e1 participando na \u00e1rea educacional do Mercosul, a decis\u00e3o do governo \u00e9 a partir de&nbsp;hoje&nbsp;come\u00e7ar a discutir apenas relacionamentos bilaterais com Argentina, Paraguai e Uruguai\u201d, disse Weintraub. \u201cTudo que tiver de iniciativa na \u00e1rea de educa\u00e7\u00e3o vai ser mantida a \u00fanica coisa \u00e9 que essas reuni\u00f5es n\u00e3o v\u00e3o acontecer mais com a presen\u00e7a do Brasil\u201d, afirmou.<\/p>\n\n\n\n<p>Para Weintraub,&nbsp;a realiza\u00e7\u00e3o de reuni\u00f5es bilaterais s\u00e3o mais efetivas. \u201cNuma conversa bilateral conseguimos avan\u00e7ar muito mais rapidamente. Na reuni\u00e3o [do grupo] que tivemos&nbsp;hoje&nbsp;apenas o ministro [da Educa\u00e7\u00e3o] do Paraguai veio, a Argentina mandou algu\u00e9m da Embaixada e o Uruguai n\u00e3o mandou ningu\u00e9m\u201d, disse.<\/p>\n\n\n\n<p><strong>MaisPB<\/strong><\/p>\n","protected":false},"excerpt":{"rendered":"<p>O ministro da Educa\u00e7\u00e3o, Abraham Weintraub, anunciou&nbsp;hoje (29) que o governo vai disponibilizar R$ 125 milh\u00f5es em recursos extras para as universidades federais. De acordo&hellip; <\/p>\n","protected":false},"author":1,"featured_media":25096,"comment_status":"closed","ping_status":"closed","sticky":false,"template":"","format":"standard","meta":{"sfsi_plus_gutenberg_text_before_share":"","sfsi_plus_gutenberg_show_text_before_share":"","sfsi_plus_gutenberg_icon_type":"","sfsi_plus_gutenberg_icon_alignemt":"","sfsi_plus_gutenburg_max_per_row":"","footnotes":""},"categories":[14],"tags":[],"class_list":["post-138645","post","type-post","status-publish","format-standard","has-post-thumbnail","hentry","category-educacao"],"_links":{"self":[{"href":"https:\/\/www.caririemacao.com\/1\/wp-json\/wp\/v2\/posts\/138645","targetHints":{"allow":["GET"]}}],"collection":[{"href":"https:\/\/www.caririemacao.com\/1\/wp-json\/wp\/v2\/posts"}],"about":[{"href":"https:\/\/www.caririemacao.com\/1\/wp-json\/wp\/v2\/types\/post"}],"author":[{"embeddable":true,"href":"https:\/\/www.caririemacao.com\/1\/wp-json\/wp\/v2\/users\/1"}],"replies":[{"embeddable":true,"href":"https:\/\/www.caririemacao.com\/1\/wp-json\/wp\/v2\/comments?post=138645"}],"version-history":[{"count":1,"href":"https:\/\/www.caririemacao.com\/1\/wp-json\/wp\/v2\/posts\/138645\/revisions"}],"predecessor-version":[{"id":138646,"href":"https:\/\/www.caririemacao.com\/1\/wp-json\/wp\/v2\/posts\/138645\/revisions\/138646"}],"wp:featuredmedia":[{"embeddable":true,"href":"https:\/\/www.caririemacao.com\/1\/wp-json\/wp\/v2\/media\/25096"}],"wp:attachment":[{"href":"https:\/\/www.caririemacao.com\/1\/wp-json\/wp\/v2\/media?parent=138645"}],"wp:term":[{"taxonomy":"category","embeddable":true,"href":"https:\/\/www.caririemacao.com\/1\/wp-json\/wp\/v2\/categories?post=138645"},{"taxonomy":"post_tag","embeddable":true,"href":"https:\/\/www.caririemacao.com\/1\/wp-json\/wp\/v2\/tags?post=138645"}],"curies":[{"name":"wp","href":"https:\/\/api.w.org\/{rel}","templated":true}]}}