{"id":138647,"date":"2019-11-29T14:30:38","date_gmt":"2019-11-29T17:30:38","guid":{"rendered":"http:\/\/www.caririemacao.com\/1\/?p=138647"},"modified":"2019-11-29T14:30:38","modified_gmt":"2019-11-29T17:30:38","slug":"expectativa-de-vida-no-brasil-sobe-para-763-anos-2","status":"publish","type":"post","link":"https:\/\/www.caririemacao.com\/1\/2019\/11\/29\/expectativa-de-vida-no-brasil-sobe-para-763-anos-2\/","title":{"rendered":"Expectativa de vida no Brasil sobe para 76,3 anos"},"content":{"rendered":"\n<p>A expectativa de vida ao nascer no Brasil subiu para 76,3 anos em 2018, segundo informa\u00e7\u00f5es divulgadas hoje (28) pelo Instituto Brasileiro de Geografia e Estat\u00edstica (IBGE).<\/p>\n\n\n\n<p>Em 2017, a expectativa de vida era de 76 anos, ou seja, aproximadamente tr\u00eas meses a menos do que em 2018.<\/p>\n\n\n\n<p>A pesquisa T\u00e1bua de Mortalidade 2018 s\u00f3 ser\u00e1 divulgada \u00e0s 10h, mas as informa\u00e7\u00f5es b\u00e1sicas da pesquisa j\u00e1 foram antecipadas no Di\u00e1rio Oficial da Uni\u00e3o de hoje.<\/p>\n\n\n\n<p><strong>Ag\u00eancia Brasil<\/strong><\/p>\n","protected":false},"excerpt":{"rendered":"<p>A expectativa de vida ao nascer no Brasil subiu para 76,3 anos em 2018, segundo informa\u00e7\u00f5es divulgadas hoje (28) pelo Instituto Brasileiro de Geografia e&hellip; <\/p>\n","protected":false},"author":1,"featured_media":124466,"comment_status":"closed","ping_status":"closed","sticky":false,"template":"","format":"standard","meta":{"sfsi_plus_gutenberg_text_before_share":"","sfsi_plus_gutenberg_show_text_before_share":"","sfsi_plus_gutenberg_icon_type":"","sfsi_plus_gutenberg_icon_alignemt":"","sfsi_plus_gutenburg_max_per_row":"","footnotes":""},"categories":[2],"tags":[],"class_list":["post-138647","post","type-post","status-publish","format-standard","has-post-thumbnail","hentry","category-geral"],"_links":{"self":[{"href":"https:\/\/www.caririemacao.com\/1\/wp-json\/wp\/v2\/posts\/138647","targetHints":{"allow":["GET"]}}],"collection":[{"href":"https:\/\/www.caririemacao.com\/1\/wp-json\/wp\/v2\/posts"}],"about":[{"href":"https:\/\/www.caririemacao.com\/1\/wp-json\/wp\/v2\/types\/post"}],"author":[{"embeddable":true,"href":"https:\/\/www.caririemacao.com\/1\/wp-json\/wp\/v2\/users\/1"}],"replies":[{"embeddable":true,"href":"https:\/\/www.caririemacao.com\/1\/wp-json\/wp\/v2\/comments?post=138647"}],"version-history":[{"count":1,"href":"https:\/\/www.caririemacao.com\/1\/wp-json\/wp\/v2\/posts\/138647\/revisions"}],"predecessor-version":[{"id":138648,"href":"https:\/\/www.caririemacao.com\/1\/wp-json\/wp\/v2\/posts\/138647\/revisions\/138648"}],"wp:featuredmedia":[{"embeddable":true,"href":"https:\/\/www.caririemacao.com\/1\/wp-json\/wp\/v2\/media\/124466"}],"wp:attachment":[{"href":"https:\/\/www.caririemacao.com\/1\/wp-json\/wp\/v2\/media?parent=138647"}],"wp:term":[{"taxonomy":"category","embeddable":true,"href":"https:\/\/www.caririemacao.com\/1\/wp-json\/wp\/v2\/categories?post=138647"},{"taxonomy":"post_tag","embeddable":true,"href":"https:\/\/www.caririemacao.com\/1\/wp-json\/wp\/v2\/tags?post=138647"}],"curies":[{"name":"wp","href":"https:\/\/api.w.org\/{rel}","templated":true}]}}