{"id":138649,"date":"2019-11-29T14:34:02","date_gmt":"2019-11-29T17:34:02","guid":{"rendered":"http:\/\/www.caririemacao.com\/1\/?p=138649"},"modified":"2019-11-29T14:34:02","modified_gmt":"2019-11-29T17:34:02","slug":"prefeitura-de-amparo-paga-servidores-efetivos-comissionados-e-contratados-nesta-sexta-feira","status":"publish","type":"post","link":"https:\/\/www.caririemacao.com\/1\/2019\/11\/29\/prefeitura-de-amparo-paga-servidores-efetivos-comissionados-e-contratados-nesta-sexta-feira\/","title":{"rendered":"Prefeitura de Amparo paga servidores efetivos, comissionados e contratados nesta sexta-feira"},"content":{"rendered":"\n<p>A Prefeitura de Amparo, por meio da Secretaria de Finan\u00e7as anunciou nessa sexta-feira (29) o pagamento dos Servidores efetivos e ocupantes de cargos comissionados e contratados referente ao m\u00eas de Novembro.\u00a0<br>Os sal\u00e1rios estar\u00e3o dispon\u00edveis nas contas dos funcion\u00e1rios at\u00e9 o final da tarde.<br>Mais uma vez, a gest\u00e3o do prefeito In\u00e1cio N\u00f3brega mant\u00e9m o compromisso de quitar a folha de pessoal dentro do m\u00eas trabalhado, apesar dos constantes problemas gerados pela crise econ\u00f4mica, com acentuadas quedas nas receitas essenciais.<br><\/p>\n\n\n\n<p><strong>Amparo Ligado<\/strong><br><\/p>\n","protected":false},"excerpt":{"rendered":"<p>A Prefeitura de Amparo, por meio da Secretaria de Finan\u00e7as anunciou nessa sexta-feira (29) o pagamento dos Servidores efetivos e ocupantes de cargos comissionados e&hellip; <\/p>\n","protected":false},"author":1,"featured_media":138650,"comment_status":"closed","ping_status":"closed","sticky":false,"template":"","format":"standard","meta":{"sfsi_plus_gutenberg_text_before_share":"","sfsi_plus_gutenberg_show_text_before_share":"","sfsi_plus_gutenberg_icon_type":"","sfsi_plus_gutenberg_icon_alignemt":"","sfsi_plus_gutenburg_max_per_row":"","footnotes":""},"categories":[6],"tags":[],"class_list":["post-138649","post","type-post","status-publish","format-standard","has-post-thumbnail","hentry","category-cidades"],"_links":{"self":[{"href":"https:\/\/www.caririemacao.com\/1\/wp-json\/wp\/v2\/posts\/138649","targetHints":{"allow":["GET"]}}],"collection":[{"href":"https:\/\/www.caririemacao.com\/1\/wp-json\/wp\/v2\/posts"}],"about":[{"href":"https:\/\/www.caririemacao.com\/1\/wp-json\/wp\/v2\/types\/post"}],"author":[{"embeddable":true,"href":"https:\/\/www.caririemacao.com\/1\/wp-json\/wp\/v2\/users\/1"}],"replies":[{"embeddable":true,"href":"https:\/\/www.caririemacao.com\/1\/wp-json\/wp\/v2\/comments?post=138649"}],"version-history":[{"count":1,"href":"https:\/\/www.caririemacao.com\/1\/wp-json\/wp\/v2\/posts\/138649\/revisions"}],"predecessor-version":[{"id":138651,"href":"https:\/\/www.caririemacao.com\/1\/wp-json\/wp\/v2\/posts\/138649\/revisions\/138651"}],"wp:featuredmedia":[{"embeddable":true,"href":"https:\/\/www.caririemacao.com\/1\/wp-json\/wp\/v2\/media\/138650"}],"wp:attachment":[{"href":"https:\/\/www.caririemacao.com\/1\/wp-json\/wp\/v2\/media?parent=138649"}],"wp:term":[{"taxonomy":"category","embeddable":true,"href":"https:\/\/www.caririemacao.com\/1\/wp-json\/wp\/v2\/categories?post=138649"},{"taxonomy":"post_tag","embeddable":true,"href":"https:\/\/www.caririemacao.com\/1\/wp-json\/wp\/v2\/tags?post=138649"}],"curies":[{"name":"wp","href":"https:\/\/api.w.org\/{rel}","templated":true}]}}