{"id":138652,"date":"2019-11-29T14:40:17","date_gmt":"2019-11-29T17:40:17","guid":{"rendered":"http:\/\/www.caririemacao.com\/1\/?p=138652"},"modified":"2019-11-29T14:40:17","modified_gmt":"2019-11-29T17:40:17","slug":"prefeitura-de-camalau-paga-salario-de-novembro-ao-funcionalismo-rigorosamente-em-dia","status":"publish","type":"post","link":"https:\/\/www.caririemacao.com\/1\/2019\/11\/29\/prefeitura-de-camalau-paga-salario-de-novembro-ao-funcionalismo-rigorosamente-em-dia\/","title":{"rendered":"Prefeitura de Camala\u00fa paga sal\u00e1rio de Novembro ao funcionalismo rigorosamente em dia"},"content":{"rendered":"\n<p>A Prefeitura Municipal de Camala\u00fa est\u00e1 realizando o pagamento dos servidores p\u00fablicos municipais.<br>A informa\u00e7\u00e3o foi confirmada nesta sexta feira, 29, pelo Governo Municipal, atrav\u00e9s da Secretaria de Finan\u00e7as.<br>O pagamento do funcionalismo p\u00fablico efetivo j\u00e1 se encontra depositado nas respectivas contas.<br>O Governo Municipal mant\u00e9m assim o compromisso com o funcionalismo de manter rigorosamente em dia o pagamento, valorizando o servidor e mantendo mais uma promessa de campanha do atual gestor Sandro M\u00f4co e do vice prefeito Kiel.<br><\/p>\n\n\n\n<p><strong>F\u00c1BIO BRITO<\/strong><br><\/p>\n","protected":false},"excerpt":{"rendered":"<p>A Prefeitura Municipal de Camala\u00fa est\u00e1 realizando o pagamento dos servidores p\u00fablicos municipais.A informa\u00e7\u00e3o foi confirmada nesta sexta feira, 29, pelo Governo Municipal, atrav\u00e9s da&hellip; <\/p>\n","protected":false},"author":1,"featured_media":109867,"comment_status":"closed","ping_status":"closed","sticky":false,"template":"","format":"standard","meta":{"sfsi_plus_gutenberg_text_before_share":"","sfsi_plus_gutenberg_show_text_before_share":"","sfsi_plus_gutenberg_icon_type":"","sfsi_plus_gutenberg_icon_alignemt":"","sfsi_plus_gutenburg_max_per_row":"","footnotes":""},"categories":[6],"tags":[],"class_list":["post-138652","post","type-post","status-publish","format-standard","has-post-thumbnail","hentry","category-cidades"],"_links":{"self":[{"href":"https:\/\/www.caririemacao.com\/1\/wp-json\/wp\/v2\/posts\/138652","targetHints":{"allow":["GET"]}}],"collection":[{"href":"https:\/\/www.caririemacao.com\/1\/wp-json\/wp\/v2\/posts"}],"about":[{"href":"https:\/\/www.caririemacao.com\/1\/wp-json\/wp\/v2\/types\/post"}],"author":[{"embeddable":true,"href":"https:\/\/www.caririemacao.com\/1\/wp-json\/wp\/v2\/users\/1"}],"replies":[{"embeddable":true,"href":"https:\/\/www.caririemacao.com\/1\/wp-json\/wp\/v2\/comments?post=138652"}],"version-history":[{"count":1,"href":"https:\/\/www.caririemacao.com\/1\/wp-json\/wp\/v2\/posts\/138652\/revisions"}],"predecessor-version":[{"id":138653,"href":"https:\/\/www.caririemacao.com\/1\/wp-json\/wp\/v2\/posts\/138652\/revisions\/138653"}],"wp:featuredmedia":[{"embeddable":true,"href":"https:\/\/www.caririemacao.com\/1\/wp-json\/wp\/v2\/media\/109867"}],"wp:attachment":[{"href":"https:\/\/www.caririemacao.com\/1\/wp-json\/wp\/v2\/media?parent=138652"}],"wp:term":[{"taxonomy":"category","embeddable":true,"href":"https:\/\/www.caririemacao.com\/1\/wp-json\/wp\/v2\/categories?post=138652"},{"taxonomy":"post_tag","embeddable":true,"href":"https:\/\/www.caririemacao.com\/1\/wp-json\/wp\/v2\/tags?post=138652"}],"curies":[{"name":"wp","href":"https:\/\/api.w.org\/{rel}","templated":true}]}}