{"id":138656,"date":"2019-11-30T07:08:26","date_gmt":"2019-11-30T10:08:26","guid":{"rendered":"http:\/\/www.caririemacao.com\/1\/?p=138656"},"modified":"2019-11-30T07:08:26","modified_gmt":"2019-11-30T10:08:26","slug":"camara-de-congo-aprova-realizacao-de-concurso-publico","status":"publish","type":"post","link":"https:\/\/www.caririemacao.com\/1\/2019\/11\/30\/camara-de-congo-aprova-realizacao-de-concurso-publico\/","title":{"rendered":"C\u00e2mara de Congo aprova realiza\u00e7\u00e3o de concurso p\u00fablico"},"content":{"rendered":"\n<p>Na \u00faltima sess\u00e3o da C\u00e2mara Municipal de Congo, realizada na sede da Associa\u00e7\u00e3o de Santa Rita de Baixo, cerca de 7 km da sede do munic\u00edpio, os vereadores debateram e aprovaram o Projeto que autoriza a realiza\u00e7\u00e3o de concurso p\u00fablico no munic\u00edpio.<\/p>\n\n\n\n<figure class=\"wp-block-image\"><img fetchpriority=\"high\" decoding=\"async\" width=\"1024\" height=\"678\" src=\"http:\/\/www.caririemacao.com\/1\/wp-content\/uploads\/2019\/11\/DSC_0091-1024x678.jpg\" alt=\"\" class=\"wp-image-138657\" srcset=\"https:\/\/www.caririemacao.com\/1\/wp-content\/uploads\/2019\/11\/DSC_0091-1024x678.jpg 1024w, https:\/\/www.caririemacao.com\/1\/wp-content\/uploads\/2019\/11\/DSC_0091-300x199.jpg 300w, https:\/\/www.caririemacao.com\/1\/wp-content\/uploads\/2019\/11\/DSC_0091-768x509.jpg 768w\" sizes=\"(max-width: 1024px) 100vw, 1024px\" \/><\/figure>\n\n\n\n<p>Segundo o presidente\nLenilson, os vereadores discutiram durante a sess\u00e3o sobre o projeto e aprovaram\nem segundo turno o projeto de lei que autoriza a realiza\u00e7\u00e3o de concurso p\u00fablico\nde provas e t\u00edtulos no munic\u00edpio de Congo, criando tamb\u00e9m novos cargos no\nquadro geral permanente e no quadro de pessoal comissionado da administra\u00e7\u00e3o p\u00fablica\nmunicipal, alterando a lei complementar 1.341\/2015.<\/p>\n\n\n\n<p>Por \u00faltimo, o presidente\nLenilson disse que n\u00e3o h\u00e1 justificativa para que o prefeito deixe de realizar o\nconcurso e dar oportunidades para que a popula\u00e7\u00e3o de Congo possa participar e\nconcorrer as vagas dispon\u00edveis no projeto.<\/p>\n","protected":false},"excerpt":{"rendered":"<p>Na \u00faltima sess\u00e3o da C\u00e2mara Municipal de Congo, realizada na sede da Associa\u00e7\u00e3o de Santa Rita de Baixo, cerca de 7 km da sede do&hellip; <\/p>\n","protected":false},"author":2,"featured_media":138658,"comment_status":"closed","ping_status":"closed","sticky":false,"template":"","format":"standard","meta":{"sfsi_plus_gutenberg_text_before_share":"","sfsi_plus_gutenberg_show_text_before_share":"","sfsi_plus_gutenberg_icon_type":"","sfsi_plus_gutenberg_icon_alignemt":"","sfsi_plus_gutenburg_max_per_row":"","footnotes":""},"categories":[50,2],"tags":[],"class_list":["post-138656","post","type-post","status-publish","format-standard","has-post-thumbnail","hentry","category-destaque","category-geral"],"_links":{"self":[{"href":"https:\/\/www.caririemacao.com\/1\/wp-json\/wp\/v2\/posts\/138656","targetHints":{"allow":["GET"]}}],"collection":[{"href":"https:\/\/www.caririemacao.com\/1\/wp-json\/wp\/v2\/posts"}],"about":[{"href":"https:\/\/www.caririemacao.com\/1\/wp-json\/wp\/v2\/types\/post"}],"author":[{"embeddable":true,"href":"https:\/\/www.caririemacao.com\/1\/wp-json\/wp\/v2\/users\/2"}],"replies":[{"embeddable":true,"href":"https:\/\/www.caririemacao.com\/1\/wp-json\/wp\/v2\/comments?post=138656"}],"version-history":[{"count":1,"href":"https:\/\/www.caririemacao.com\/1\/wp-json\/wp\/v2\/posts\/138656\/revisions"}],"predecessor-version":[{"id":138659,"href":"https:\/\/www.caririemacao.com\/1\/wp-json\/wp\/v2\/posts\/138656\/revisions\/138659"}],"wp:featuredmedia":[{"embeddable":true,"href":"https:\/\/www.caririemacao.com\/1\/wp-json\/wp\/v2\/media\/138658"}],"wp:attachment":[{"href":"https:\/\/www.caririemacao.com\/1\/wp-json\/wp\/v2\/media?parent=138656"}],"wp:term":[{"taxonomy":"category","embeddable":true,"href":"https:\/\/www.caririemacao.com\/1\/wp-json\/wp\/v2\/categories?post=138656"},{"taxonomy":"post_tag","embeddable":true,"href":"https:\/\/www.caririemacao.com\/1\/wp-json\/wp\/v2\/tags?post=138656"}],"curies":[{"name":"wp","href":"https:\/\/api.w.org\/{rel}","templated":true}]}}