{"id":138661,"date":"2019-11-30T07:18:17","date_gmt":"2019-11-30T10:18:17","guid":{"rendered":"http:\/\/www.caririemacao.com\/1\/?p=138661"},"modified":"2019-11-30T08:03:44","modified_gmt":"2019-11-30T11:03:44","slug":"hoje-sume-disputa-final-da-2a-copa-cariri-de-veteranos","status":"publish","type":"post","link":"https:\/\/www.caririemacao.com\/1\/2019\/11\/30\/hoje-sume-disputa-final-da-2a-copa-cariri-de-veteranos\/","title":{"rendered":"HOJE: Sum\u00e9 disputa final da 2\u00aa Copa Cariri de Veteranos"},"content":{"rendered":"\n<p>Acontece na tarde deste s\u00e1bado, dia 30, a grande final da Copa Cariri de Veteranos envolvendo as equipe de Sum\u00e9 e Queimadas.<\/p>\n\n\n\n<figure class=\"wp-block-image\"><img fetchpriority=\"high\" decoding=\"async\" width=\"472\" height=\"326\" src=\"http:\/\/www.caririemacao.com\/1\/wp-content\/uploads\/2019\/11\/WhatsApp-Image-2019-11-26-at-10.08.50.jpeg\" alt=\"\" class=\"wp-image-138663\" srcset=\"https:\/\/www.caririemacao.com\/1\/wp-content\/uploads\/2019\/11\/WhatsApp-Image-2019-11-26-at-10.08.50.jpeg 472w, https:\/\/www.caririemacao.com\/1\/wp-content\/uploads\/2019\/11\/WhatsApp-Image-2019-11-26-at-10.08.50-300x207.jpeg 300w\" sizes=\"(max-width: 472px) 100vw, 472px\" \/><\/figure>\n\n\n\n<p>A partida ser\u00e1 realizada no Est\u00e1dio Valt\u00e3o, na cidade\nde Serra Branca, a partir das 15h.<\/p>\n\n\n\n<p>Na preliminar haver\u00e1 jogo entre a Moveletro de\nCamala\u00fa e Independente de Prata. <\/p>\n","protected":false},"excerpt":{"rendered":"<p>Acontece na tarde deste s\u00e1bado, dia 30, a grande final da Copa Cariri de Veteranos envolvendo as equipe de Sum\u00e9 e Queimadas. A partida ser\u00e1&hellip; <\/p>\n","protected":false},"author":2,"featured_media":138662,"comment_status":"closed","ping_status":"closed","sticky":false,"template":"","format":"standard","meta":{"sfsi_plus_gutenberg_text_before_share":"","sfsi_plus_gutenberg_show_text_before_share":"","sfsi_plus_gutenberg_icon_type":"","sfsi_plus_gutenberg_icon_alignemt":"","sfsi_plus_gutenburg_max_per_row":"","footnotes":""},"categories":[50,2],"tags":[],"class_list":["post-138661","post","type-post","status-publish","format-standard","has-post-thumbnail","hentry","category-destaque","category-geral"],"_links":{"self":[{"href":"https:\/\/www.caririemacao.com\/1\/wp-json\/wp\/v2\/posts\/138661","targetHints":{"allow":["GET"]}}],"collection":[{"href":"https:\/\/www.caririemacao.com\/1\/wp-json\/wp\/v2\/posts"}],"about":[{"href":"https:\/\/www.caririemacao.com\/1\/wp-json\/wp\/v2\/types\/post"}],"author":[{"embeddable":true,"href":"https:\/\/www.caririemacao.com\/1\/wp-json\/wp\/v2\/users\/2"}],"replies":[{"embeddable":true,"href":"https:\/\/www.caririemacao.com\/1\/wp-json\/wp\/v2\/comments?post=138661"}],"version-history":[{"count":2,"href":"https:\/\/www.caririemacao.com\/1\/wp-json\/wp\/v2\/posts\/138661\/revisions"}],"predecessor-version":[{"id":138665,"href":"https:\/\/www.caririemacao.com\/1\/wp-json\/wp\/v2\/posts\/138661\/revisions\/138665"}],"wp:featuredmedia":[{"embeddable":true,"href":"https:\/\/www.caririemacao.com\/1\/wp-json\/wp\/v2\/media\/138662"}],"wp:attachment":[{"href":"https:\/\/www.caririemacao.com\/1\/wp-json\/wp\/v2\/media?parent=138661"}],"wp:term":[{"taxonomy":"category","embeddable":true,"href":"https:\/\/www.caririemacao.com\/1\/wp-json\/wp\/v2\/categories?post=138661"},{"taxonomy":"post_tag","embeddable":true,"href":"https:\/\/www.caririemacao.com\/1\/wp-json\/wp\/v2\/tags?post=138661"}],"curies":[{"name":"wp","href":"https:\/\/api.w.org\/{rel}","templated":true}]}}