{"id":138674,"date":"2019-11-30T09:02:52","date_gmt":"2019-11-30T12:02:52","guid":{"rendered":"http:\/\/www.caririemacao.com\/1\/?p=138674"},"modified":"2019-11-30T09:02:52","modified_gmt":"2019-11-30T12:02:52","slug":"prefeitura-de-monteiro-realiza-mais-uma-entrega-da-cesta-social","status":"publish","type":"post","link":"https:\/\/www.caririemacao.com\/1\/2019\/11\/30\/prefeitura-de-monteiro-realiza-mais-uma-entrega-da-cesta-social\/","title":{"rendered":"Prefeitura de Monteiro realiza mais uma entrega da Cesta Social"},"content":{"rendered":"\n<p>A prefeita do munic\u00edpio de Monteiro cumprindo sua extensa agenda, esteve na tarde desta quinta-feira,28, no Gin\u00e1sio O Chic\u00e3o para realizar mais um entrega da Cesta Social.<br>O programa idealizado e realizado pela Prefeitura Municipal, com recursos pr\u00f3prios, beneficia em sua segunda entrega 500 fam\u00edlias de baixa renda com produtos essenciais para a manuten\u00e7\u00e3o nutricional adequada.<br>Para a prefeita Anna Lorena, estes sempre s\u00e3o momentos que emocionam conforme a gestora contou ap\u00f3s o evento \u201cPresenciamos e proporcionamos um momento muito emocionante para todas estas fam\u00edlias. Esta \u00e9 mais uma forma da administra\u00e7\u00e3o municipal valorizar e ajudar \u00e0s fam\u00edlias com menos condi\u00e7\u00f5es, e a alimenta\u00e7\u00e3o \u00e9 uma de nossas principais preocupa\u00e7\u00f5es\u201d.<br>A entrega \u00e9 realizada atrav\u00e9s da Secretaria de Desenvolvimento Social do munic\u00edpio que vem realizando diversas a\u00e7\u00f5es voltadas \u00e0 popula\u00e7\u00e3o carente da cidade. As movimenta\u00e7\u00f5es da secretaria se desenvolvendo com acompanhamento alimentar, nutricional e tamb\u00e9m profissional atrav\u00e9s do oferecimento de cursos de profissionaliza\u00e7\u00e3o.<br>\u201cBuscamos fazer o acompanhamento desde o nascimento do monteirense, passando por diversas etapas.\u00a0\u00a0Nosso maior intuito \u00e9 amparar \u00e0s fam\u00edlias mais carentes oferecendo condi\u00e7\u00f5es melhores\u201d, comentou a secret\u00e1ria Rosa Aleixo. <\/p>\n","protected":false},"excerpt":{"rendered":"<p>A prefeita do munic\u00edpio de Monteiro cumprindo sua extensa agenda, esteve na tarde desta quinta-feira,28, no Gin\u00e1sio O Chic\u00e3o para realizar mais um entrega da&hellip; <\/p>\n","protected":false},"author":1,"featured_media":138675,"comment_status":"closed","ping_status":"closed","sticky":false,"template":"","format":"standard","meta":{"sfsi_plus_gutenberg_text_before_share":"","sfsi_plus_gutenberg_show_text_before_share":"","sfsi_plus_gutenberg_icon_type":"","sfsi_plus_gutenberg_icon_alignemt":"","sfsi_plus_gutenburg_max_per_row":"","footnotes":""},"categories":[6,50],"tags":[],"class_list":["post-138674","post","type-post","status-publish","format-standard","has-post-thumbnail","hentry","category-cidades","category-destaque"],"_links":{"self":[{"href":"https:\/\/www.caririemacao.com\/1\/wp-json\/wp\/v2\/posts\/138674","targetHints":{"allow":["GET"]}}],"collection":[{"href":"https:\/\/www.caririemacao.com\/1\/wp-json\/wp\/v2\/posts"}],"about":[{"href":"https:\/\/www.caririemacao.com\/1\/wp-json\/wp\/v2\/types\/post"}],"author":[{"embeddable":true,"href":"https:\/\/www.caririemacao.com\/1\/wp-json\/wp\/v2\/users\/1"}],"replies":[{"embeddable":true,"href":"https:\/\/www.caririemacao.com\/1\/wp-json\/wp\/v2\/comments?post=138674"}],"version-history":[{"count":1,"href":"https:\/\/www.caririemacao.com\/1\/wp-json\/wp\/v2\/posts\/138674\/revisions"}],"predecessor-version":[{"id":138676,"href":"https:\/\/www.caririemacao.com\/1\/wp-json\/wp\/v2\/posts\/138674\/revisions\/138676"}],"wp:featuredmedia":[{"embeddable":true,"href":"https:\/\/www.caririemacao.com\/1\/wp-json\/wp\/v2\/media\/138675"}],"wp:attachment":[{"href":"https:\/\/www.caririemacao.com\/1\/wp-json\/wp\/v2\/media?parent=138674"}],"wp:term":[{"taxonomy":"category","embeddable":true,"href":"https:\/\/www.caririemacao.com\/1\/wp-json\/wp\/v2\/categories?post=138674"},{"taxonomy":"post_tag","embeddable":true,"href":"https:\/\/www.caririemacao.com\/1\/wp-json\/wp\/v2\/tags?post=138674"}],"curies":[{"name":"wp","href":"https:\/\/api.w.org\/{rel}","templated":true}]}}