{"id":138678,"date":"2019-11-30T09:04:09","date_gmt":"2019-11-30T12:04:09","guid":{"rendered":"http:\/\/www.caririemacao.com\/1\/?p=138678"},"modified":"2019-11-30T09:04:09","modified_gmt":"2019-11-30T12:04:09","slug":"prefeita-anna-lorena-recebe-carinho-do-publico-expectador-da-expo-monteiro","status":"publish","type":"post","link":"https:\/\/www.caririemacao.com\/1\/2019\/11\/30\/prefeita-anna-lorena-recebe-carinho-do-publico-expectador-da-expo-monteiro\/","title":{"rendered":"Prefeita Anna Lorena recebe carinho do p\u00fablico expectador da Expo Monteiro"},"content":{"rendered":"\n<p>A prefeita Anna Lorena, do munic\u00edpio de Monteiro, vem realizando desde 2017 um grandioso trabalho a frente da Prefeitura Municipal, o reconhecimento de todo o seu esfor\u00e7o pode ser observado durante os eventos e visitas realizadas em sua agenda.<br>Na Expo Monteiro, que teve seu in\u00edcio na noite desta quinta-feira, 28, a prefeita visitou os stands dos comerciantes que trouxeram seus trabalhos para exposi\u00e7\u00e3o no local nos segmentos de produtos, servi\u00e7os e gastronomia, e no momento foi abordada recebendo o carinho da popula\u00e7\u00e3o.<br>A gestora tamb\u00e9m recebeu diversas autoridades ligadas ao Governo do Estado e outras entidades, os quais em suas conversas puderam reconhecer a compet\u00eancia da jovem prefeita.<br>J\u00e1 a popula\u00e7\u00e3o faz quest\u00e3o de fazer a aproxima\u00e7\u00e3o da prefeita que ouve pedidos, sugest\u00f5es e recebe muitos elogios conforme conta Mariana Rocha:<br>\u201cEssa prefeita \u00e9 boa demais, faz pela cidade como tem que fazer e ainda faz melhor, sempre escuta a gente e ajuda de muitas formas, uma pessoa de minha fam\u00edlia recebeu hoje a tarde a Cesta Social, e a gente continua aproveitando com uma festa desse tamanho\u201d.<br>Perguntada sobre a repercuss\u00e3o de seu trabalho Anna Lorena responde: \u201cAcho que estou colhendo os frutos de um grande esfor\u00e7o que fazemos, n\u00e3o s\u00f3 eu, mas toda a minha equipe. Trabalhamos diuturnamente para proporcionar o m\u00e1ximo de benef\u00edcios pelo munic\u00edpio\u201d.<br>A cidade de Monteiro recebe nesta semana a Expo Monteiro, que movimenta o agroneg\u00f3cio na regi\u00e3o com o com\u00e9rcio de caprinos e ovinos, comidas e objetos artesanais, sendo esta uma das maiores feiras do segmento no estado da Para\u00edba. <\/p>\n","protected":false},"excerpt":{"rendered":"<p>A prefeita Anna Lorena, do munic\u00edpio de Monteiro, vem realizando desde 2017 um grandioso trabalho a frente da Prefeitura Municipal, o reconhecimento de todo o&hellip; <\/p>\n","protected":false},"author":1,"featured_media":138679,"comment_status":"closed","ping_status":"closed","sticky":false,"template":"","format":"standard","meta":{"sfsi_plus_gutenberg_text_before_share":"","sfsi_plus_gutenberg_show_text_before_share":"","sfsi_plus_gutenberg_icon_type":"","sfsi_plus_gutenberg_icon_alignemt":"","sfsi_plus_gutenburg_max_per_row":"","footnotes":""},"categories":[2],"tags":[],"class_list":["post-138678","post","type-post","status-publish","format-standard","has-post-thumbnail","hentry","category-geral"],"_links":{"self":[{"href":"https:\/\/www.caririemacao.com\/1\/wp-json\/wp\/v2\/posts\/138678","targetHints":{"allow":["GET"]}}],"collection":[{"href":"https:\/\/www.caririemacao.com\/1\/wp-json\/wp\/v2\/posts"}],"about":[{"href":"https:\/\/www.caririemacao.com\/1\/wp-json\/wp\/v2\/types\/post"}],"author":[{"embeddable":true,"href":"https:\/\/www.caririemacao.com\/1\/wp-json\/wp\/v2\/users\/1"}],"replies":[{"embeddable":true,"href":"https:\/\/www.caririemacao.com\/1\/wp-json\/wp\/v2\/comments?post=138678"}],"version-history":[{"count":1,"href":"https:\/\/www.caririemacao.com\/1\/wp-json\/wp\/v2\/posts\/138678\/revisions"}],"predecessor-version":[{"id":138680,"href":"https:\/\/www.caririemacao.com\/1\/wp-json\/wp\/v2\/posts\/138678\/revisions\/138680"}],"wp:featuredmedia":[{"embeddable":true,"href":"https:\/\/www.caririemacao.com\/1\/wp-json\/wp\/v2\/media\/138679"}],"wp:attachment":[{"href":"https:\/\/www.caririemacao.com\/1\/wp-json\/wp\/v2\/media?parent=138678"}],"wp:term":[{"taxonomy":"category","embeddable":true,"href":"https:\/\/www.caririemacao.com\/1\/wp-json\/wp\/v2\/categories?post=138678"},{"taxonomy":"post_tag","embeddable":true,"href":"https:\/\/www.caririemacao.com\/1\/wp-json\/wp\/v2\/tags?post=138678"}],"curies":[{"name":"wp","href":"https:\/\/api.w.org\/{rel}","templated":true}]}}