{"id":138682,"date":"2019-11-30T09:08:21","date_gmt":"2019-11-30T12:08:21","guid":{"rendered":"http:\/\/www.caririemacao.com\/1\/?p=138682"},"modified":"2019-11-30T09:08:21","modified_gmt":"2019-11-30T12:08:21","slug":"ate-15-de-dezembro-joao-azevedo-deve-definir-nova-casa-partidaria","status":"publish","type":"post","link":"https:\/\/www.caririemacao.com\/1\/2019\/11\/30\/ate-15-de-dezembro-joao-azevedo-deve-definir-nova-casa-partidaria\/","title":{"rendered":"At\u00e9 15 de dezembro Jo\u00e3o Azev\u00eado deve definir nova casa partid\u00e1ria"},"content":{"rendered":"\n<p>Dezembro j\u00e1 bate a porta. Domingo se inicia um novo m\u00eas e com ele muitas novidades partid\u00e1rias \u2013 pelo menos \u00e9 essa a expectativa em torno do destino que o governador Jo\u00e3o Azev\u00eado (PSB) tomar\u00e1 sobre sua futura filia\u00e7\u00e3o. Foi o pr\u00f3prio socialista quem assegurou que definir\u00e1 sua nova casa no \u00faltimo m\u00eas do ano.<\/p>\n\n\n\n<p>Jo\u00e3o considera que o PSB n\u00e3o tem feito quest\u00e3o de sua presen\u00e7a no partido e citou que deve resolver esse assunto nos pr\u00f3ximos dias.<\/p>\n\n\n\n<p>O que se sabe \u00e9 que o socialista ir\u00e1 procurar um partido que possua \u201cuma linha program\u00e1tica\u201d de acordo com o que ele considera ser a melhor pol\u00edtica.<\/p>\n\n\n\n<p>\u2013 A partir do problema que aconteceu enquanto institui\u00e7\u00e3o da executiva do PSB que eu tenho recebido diversos contatos de partidos e isso muito me honra. Esse n\u00e3o \u00e9 o meu foco, at\u00e9 o final do ano teremos a defini\u00e7\u00e3o desse quadro \u2013 disse.<\/p>\n\n\n\n<p>Jo\u00e3o tamb\u00e9m deixou claro que sua decis\u00e3o sobre sair do PSB n\u00e3o interfere em nada a gest\u00e3o do Estado. \u201cMe perguntaram j\u00e1 isso e eu repito \u2013 provavelmente sim (sobre deixar o PSB em dezembro).<\/p>\n\n\n\n<p><strong>EM TEMPO<\/strong><\/p>\n\n\n\n<p>Essa semana o l\u00edder do Governo, Ricardo Barbosa (PSB) apontou 15 de dezembro como a data final para a defini\u00e7\u00e3o de Jo\u00e3o.<\/p>\n\n\n\n<p>\u201cEssa informa\u00e7\u00e3o s\u00f3 compete ao governador e ele \u00e9 que o far\u00e1, mas na minha impress\u00e3o n\u00e3o passa do dia 20 de dezembro. A gente j\u00e1 come o piru de natal com essa coisa definida\u201d, revelou.<\/p>\n","protected":false},"excerpt":{"rendered":"<p>Dezembro j\u00e1 bate a porta. Domingo se inicia um novo m\u00eas e com ele muitas novidades partid\u00e1rias \u2013 pelo menos \u00e9 essa a expectativa em&hellip; <\/p>\n","protected":false},"author":1,"featured_media":124170,"comment_status":"closed","ping_status":"closed","sticky":false,"template":"","format":"standard","meta":{"sfsi_plus_gutenberg_text_before_share":"","sfsi_plus_gutenberg_show_text_before_share":"","sfsi_plus_gutenberg_icon_type":"","sfsi_plus_gutenberg_icon_alignemt":"","sfsi_plus_gutenburg_max_per_row":"","footnotes":""},"categories":[11],"tags":[],"class_list":["post-138682","post","type-post","status-publish","format-standard","has-post-thumbnail","hentry","category-politica"],"_links":{"self":[{"href":"https:\/\/www.caririemacao.com\/1\/wp-json\/wp\/v2\/posts\/138682","targetHints":{"allow":["GET"]}}],"collection":[{"href":"https:\/\/www.caririemacao.com\/1\/wp-json\/wp\/v2\/posts"}],"about":[{"href":"https:\/\/www.caririemacao.com\/1\/wp-json\/wp\/v2\/types\/post"}],"author":[{"embeddable":true,"href":"https:\/\/www.caririemacao.com\/1\/wp-json\/wp\/v2\/users\/1"}],"replies":[{"embeddable":true,"href":"https:\/\/www.caririemacao.com\/1\/wp-json\/wp\/v2\/comments?post=138682"}],"version-history":[{"count":1,"href":"https:\/\/www.caririemacao.com\/1\/wp-json\/wp\/v2\/posts\/138682\/revisions"}],"predecessor-version":[{"id":138683,"href":"https:\/\/www.caririemacao.com\/1\/wp-json\/wp\/v2\/posts\/138682\/revisions\/138683"}],"wp:featuredmedia":[{"embeddable":true,"href":"https:\/\/www.caririemacao.com\/1\/wp-json\/wp\/v2\/media\/124170"}],"wp:attachment":[{"href":"https:\/\/www.caririemacao.com\/1\/wp-json\/wp\/v2\/media?parent=138682"}],"wp:term":[{"taxonomy":"category","embeddable":true,"href":"https:\/\/www.caririemacao.com\/1\/wp-json\/wp\/v2\/categories?post=138682"},{"taxonomy":"post_tag","embeddable":true,"href":"https:\/\/www.caririemacao.com\/1\/wp-json\/wp\/v2\/tags?post=138682"}],"curies":[{"name":"wp","href":"https:\/\/api.w.org\/{rel}","templated":true}]}}