{"id":138685,"date":"2019-11-30T09:14:39","date_gmt":"2019-11-30T12:14:39","guid":{"rendered":"http:\/\/www.caririemacao.com\/1\/?p=138685"},"modified":"2019-11-30T09:14:39","modified_gmt":"2019-11-30T12:14:39","slug":"dia-da-familia-governo-quer-que-brasileiros-fiquem-24-horas-sem-usar-internet","status":"publish","type":"post","link":"https:\/\/www.caririemacao.com\/1\/2019\/11\/30\/dia-da-familia-governo-quer-que-brasileiros-fiquem-24-horas-sem-usar-internet\/","title":{"rendered":"DIA DA FAM\u00cdLIA: Governo quer que brasileiros fiquem 24 horas sem usar internet"},"content":{"rendered":"\n<p>Minist\u00e9rio da Mulher, da Fam\u00edlia e dos Direitos Humanos (MMFDH) lan\u00e7a na pr\u00f3xima semana o \u2018Detox Digital\u2019, onde sugere que no dia 8 de dezembro, os brasileiros fiquem desconectado de celulares e outras tecnologias digitais.&nbsp; A data escolhida \u00e9 o Dia Nacional da Fam\u00edlia, a partir de meia-noite.<\/p>\n\n\n\n<p>A a\u00e7\u00e3o faz parte de um dos programas da Pasta, chamado Reconecte.&nbsp;\u201cO objetivo \u00e9 fomentar a discuss\u00e3o sobre o uso imoderado das novas tecnologias digitais, pr\u00e1tica que tem preocupado diversos especialistas das \u00e1reas de sa\u00fade, educa\u00e7\u00e3o e seguran\u00e7a\u201d, diz trecho do an\u00fancio, feito nessa quinta-feira (28).<\/p>\n\n\n\n<p>A campanha ser\u00e1 realizada principalmente nas redes sociais, j\u00e1 a partir deste domingo (1\u00ba), e se encerra \u00e0s 23h de s\u00e1bado, v\u00e9spera do \u201cDia D\u201d.<\/p>\n\n\n\n<p>Segundo o MDH, v\u00eddeos explicativos, postagens educativas, dicas do que fazer em um dia sem tecnologia e at\u00e9 memes ser\u00e3o usados nas a\u00e7\u00f5es. Bares, por exemplo, poder\u00e3o fixar nas mesas um display para que os frequentadores depositem os celulares desligados. O material estar\u00e1 dispon\u00edvel no s\u00edtio eletr\u00f4nico da campanha, que \u00e9 o detoxdigital.mdh.gov.br.<\/p>\n\n\n\n<p>\u201cA ideia \u00e9 que cada um fique sem internet quantas horas conseguir e depois v\u00e1 para a internet, ao final da campanha, contar para a gente como foi a experi\u00eancia. \u00c9 isso mesmo, n\u00e3o queremos condenar o uso da tecnologia ou afast\u00e1-la do nosso dia-a-dia, pois ela veio para ficar. \u00c9 para que as pessoas reflitam o quanto o uso excessivo afeta a vida pessoal, o conv\u00edvio familiar e, a partir da\u00ed, fa\u00e7am o uso consciente dos eletr\u00f4nicos\u201d, explica a ministra Damares Alves.<\/p>\n\n\n\n<p><strong>Reconecte<\/strong><\/p>\n\n\n\n<p>O Programa Reconecte temo prop\u00f3sito de \u201creconectar\u201d as fam\u00edlias e os relacionamentos sociais em geral, fazendo da tecnologia um meio facilitador desse prop\u00f3sito. Dessa forma, o programa prop\u00f5e uma s\u00e9rie de projetos agrupados em cinco eixos que s\u00e3o: Tecnologia e Dignidade Humana, Responsabilidade Digital, Tecnologia e Sa\u00fade, Seguran\u00e7a Digital e Cultura Digital. Tais iniciativas tem como fim o fortalecimento das rela\u00e7\u00f5es sociais reais, em especial a Fam\u00edlia, promovendo assim um uso dos recursos tecnol\u00f3gicos de maneira inteligente.<\/p>\n","protected":false},"excerpt":{"rendered":"<p>Minist\u00e9rio da Mulher, da Fam\u00edlia e dos Direitos Humanos (MMFDH) lan\u00e7a na pr\u00f3xima semana o \u2018Detox Digital\u2019, onde sugere que no dia 8 de dezembro,&hellip; <\/p>\n","protected":false},"author":1,"featured_media":88937,"comment_status":"closed","ping_status":"closed","sticky":false,"template":"","format":"standard","meta":{"sfsi_plus_gutenberg_text_before_share":"","sfsi_plus_gutenberg_show_text_before_share":"","sfsi_plus_gutenberg_icon_type":"","sfsi_plus_gutenberg_icon_alignemt":"","sfsi_plus_gutenburg_max_per_row":"","footnotes":""},"categories":[11],"tags":[],"class_list":["post-138685","post","type-post","status-publish","format-standard","has-post-thumbnail","hentry","category-politica"],"_links":{"self":[{"href":"https:\/\/www.caririemacao.com\/1\/wp-json\/wp\/v2\/posts\/138685","targetHints":{"allow":["GET"]}}],"collection":[{"href":"https:\/\/www.caririemacao.com\/1\/wp-json\/wp\/v2\/posts"}],"about":[{"href":"https:\/\/www.caririemacao.com\/1\/wp-json\/wp\/v2\/types\/post"}],"author":[{"embeddable":true,"href":"https:\/\/www.caririemacao.com\/1\/wp-json\/wp\/v2\/users\/1"}],"replies":[{"embeddable":true,"href":"https:\/\/www.caririemacao.com\/1\/wp-json\/wp\/v2\/comments?post=138685"}],"version-history":[{"count":1,"href":"https:\/\/www.caririemacao.com\/1\/wp-json\/wp\/v2\/posts\/138685\/revisions"}],"predecessor-version":[{"id":138686,"href":"https:\/\/www.caririemacao.com\/1\/wp-json\/wp\/v2\/posts\/138685\/revisions\/138686"}],"wp:featuredmedia":[{"embeddable":true,"href":"https:\/\/www.caririemacao.com\/1\/wp-json\/wp\/v2\/media\/88937"}],"wp:attachment":[{"href":"https:\/\/www.caririemacao.com\/1\/wp-json\/wp\/v2\/media?parent=138685"}],"wp:term":[{"taxonomy":"category","embeddable":true,"href":"https:\/\/www.caririemacao.com\/1\/wp-json\/wp\/v2\/categories?post=138685"},{"taxonomy":"post_tag","embeddable":true,"href":"https:\/\/www.caririemacao.com\/1\/wp-json\/wp\/v2\/tags?post=138685"}],"curies":[{"name":"wp","href":"https:\/\/api.w.org\/{rel}","templated":true}]}}