{"id":138687,"date":"2019-11-30T09:15:49","date_gmt":"2019-11-30T12:15:49","guid":{"rendered":"http:\/\/www.caririemacao.com\/1\/?p=138687"},"modified":"2019-11-30T09:15:49","modified_gmt":"2019-11-30T12:15:49","slug":"representantes-de-s-s-do-umbuzeiro-participam-da-apresentacao-do-projeto-familia-que-acolhe","status":"publish","type":"post","link":"https:\/\/www.caririemacao.com\/1\/2019\/11\/30\/representantes-de-s-s-do-umbuzeiro-participam-da-apresentacao-do-projeto-familia-que-acolhe\/","title":{"rendered":"Representantes de S. S. do Umbuzeiro participam da apresenta\u00e7\u00e3o do Projeto \u201cFam\u00edlia que Acolhe\u201d"},"content":{"rendered":"\n<p>Representantes da Equipe da Secretaria de Desenvolvimento Social e Conselheiros do Conselho Municipal de Assist\u00eancia Social de S\u00e3o Sebasti\u00e3o do Umbuzeiro, participaram na manh\u00e3 desta sexta-feira (29), da palestra de apresenta\u00e7\u00e3o do Projeto \u201cFam\u00edlia que Acolhe\u201d, que dever\u00e1 ser implementado em S\u00e3o Sebasti\u00e3o do Umbuzeiro. A reuni\u00e3o ocorreu na Sede da Promotoria de Justi\u00e7a de Monteiro.<\/p>\n\n\n\n<p>O projeto \u201cFam\u00edlia que Acolhe\u201d tem como objetivo fomentar, nos munic\u00edpios, a cria\u00e7\u00e3o do servi\u00e7o de acolhimento familiar como alternativa \u00e0 institucionaliza\u00e7\u00e3o de crian\u00e7as e adolescentes em situa\u00e7\u00e3o de vulnerabilidade. Ele j\u00e1 foi desenvolvido em outras duas regi\u00f5es do Estado, com a edi\u00e7\u00e3o de leis criando o servi\u00e7o de acolhimento familiar em 24 munic\u00edpios.<\/p>\n\n\n\n<p>O foco do projeto \u00e9 implanta\u00e7\u00e3o da alternativa de acolhimento familiar em vez do acolhimento institucional (em abrigos), ou seja, fam\u00edlias ou pessoas da comunidade acolhem voluntariamente, em suas casas e por um per\u00edodo provis\u00f3rio, crian\u00e7as e adolescentes que sofreram viola\u00e7\u00e3o de direitos e precisaram ser retirados de suas fam\u00edlias como medida de prote\u00e7\u00e3o. A fam\u00edlia acolhedora oferece \u00e0s crian\u00e7as e adolescentes cuidado e prote\u00e7\u00e3o integral, at\u00e9 que seja poss\u00edvel a reintegra\u00e7\u00e3o familiar ou, na impossibilidade, a coloca\u00e7\u00e3o em fam\u00edlia substituta. Essas fam\u00edlias devem ser habilitadas, capacitadas e acompanhadas por uma equipe t\u00e9cnica do servi\u00e7o.<\/p>\n","protected":false},"excerpt":{"rendered":"<p>Representantes da Equipe da Secretaria de Desenvolvimento Social e Conselheiros do Conselho Municipal de Assist\u00eancia Social de S\u00e3o Sebasti\u00e3o do Umbuzeiro, participaram na manh\u00e3 desta&hellip; <\/p>\n","protected":false},"author":1,"featured_media":138688,"comment_status":"closed","ping_status":"closed","sticky":false,"template":"","format":"standard","meta":{"sfsi_plus_gutenberg_text_before_share":"","sfsi_plus_gutenberg_show_text_before_share":"","sfsi_plus_gutenberg_icon_type":"","sfsi_plus_gutenberg_icon_alignemt":"","sfsi_plus_gutenburg_max_per_row":"","footnotes":""},"categories":[6],"tags":[],"class_list":["post-138687","post","type-post","status-publish","format-standard","has-post-thumbnail","hentry","category-cidades"],"_links":{"self":[{"href":"https:\/\/www.caririemacao.com\/1\/wp-json\/wp\/v2\/posts\/138687","targetHints":{"allow":["GET"]}}],"collection":[{"href":"https:\/\/www.caririemacao.com\/1\/wp-json\/wp\/v2\/posts"}],"about":[{"href":"https:\/\/www.caririemacao.com\/1\/wp-json\/wp\/v2\/types\/post"}],"author":[{"embeddable":true,"href":"https:\/\/www.caririemacao.com\/1\/wp-json\/wp\/v2\/users\/1"}],"replies":[{"embeddable":true,"href":"https:\/\/www.caririemacao.com\/1\/wp-json\/wp\/v2\/comments?post=138687"}],"version-history":[{"count":1,"href":"https:\/\/www.caririemacao.com\/1\/wp-json\/wp\/v2\/posts\/138687\/revisions"}],"predecessor-version":[{"id":138689,"href":"https:\/\/www.caririemacao.com\/1\/wp-json\/wp\/v2\/posts\/138687\/revisions\/138689"}],"wp:featuredmedia":[{"embeddable":true,"href":"https:\/\/www.caririemacao.com\/1\/wp-json\/wp\/v2\/media\/138688"}],"wp:attachment":[{"href":"https:\/\/www.caririemacao.com\/1\/wp-json\/wp\/v2\/media?parent=138687"}],"wp:term":[{"taxonomy":"category","embeddable":true,"href":"https:\/\/www.caririemacao.com\/1\/wp-json\/wp\/v2\/categories?post=138687"},{"taxonomy":"post_tag","embeddable":true,"href":"https:\/\/www.caririemacao.com\/1\/wp-json\/wp\/v2\/tags?post=138687"}],"curies":[{"name":"wp","href":"https:\/\/api.w.org\/{rel}","templated":true}]}}