{"id":138692,"date":"2019-11-30T09:19:16","date_gmt":"2019-11-30T12:19:16","guid":{"rendered":"http:\/\/www.caririemacao.com\/1\/?p=138692"},"modified":"2019-11-30T09:19:16","modified_gmt":"2019-11-30T12:19:16","slug":"projeto-solo-na-escola-ufcg-realiza-vii-feira-do-solo","status":"publish","type":"post","link":"https:\/\/www.caririemacao.com\/1\/2019\/11\/30\/projeto-solo-na-escola-ufcg-realiza-vii-feira-do-solo\/","title":{"rendered":"Projeto Solo na Escola\/UFCG realiza VII Feira do Solo"},"content":{"rendered":"\n<p>O Projeto Solo na Escola\/UFCG, do Centro de Desenvolvimento Sustent\u00e1vel do Semi\u00e1rido da Universidade Federal de Campina Grande realizar\u00e1 no pr\u00f3ximo dia 5 de dezembro, a VII Feira do Solo, em alus\u00e3o ao Dia Mundial do Solo.&nbsp;O tema do evento ser\u00e1 \u201cPare a eros\u00e3o do solo. Salve nosso futuro!\u201d<\/p>\n\n\n\n<p>O&nbsp;evento&nbsp;acontecer\u00e1 no N\u00facleo de Extens\u00e3o Cultural do CDSA (Next), das 8h \u00e0s 17he ter\u00e1 em sua programa\u00e7\u00e3o Exposi\u00e7\u00e3o de maquetes, Oficina de Geotinta, Geocine, Jogos Pedol\u00f3gicos e a premia\u00e7\u00e3o dos concursos \u201cIV Concurso de Fotografia Meu jeito de ver o Solo\u201d e \u201cI Concurso Cultural Solo diVerso &amp; Prosa 2019\u201d.<\/p>\n\n\n\n<p>Assimp CDSA\/UFCG<\/p>\n","protected":false},"excerpt":{"rendered":"<p>O Projeto Solo na Escola\/UFCG, do Centro de Desenvolvimento Sustent\u00e1vel do Semi\u00e1rido da Universidade Federal de Campina Grande realizar\u00e1 no pr\u00f3ximo dia 5 de dezembro,&hellip; <\/p>\n","protected":false},"author":1,"featured_media":138693,"comment_status":"closed","ping_status":"closed","sticky":false,"template":"","format":"standard","meta":{"sfsi_plus_gutenberg_text_before_share":"","sfsi_plus_gutenberg_show_text_before_share":"","sfsi_plus_gutenberg_icon_type":"","sfsi_plus_gutenberg_icon_alignemt":"","sfsi_plus_gutenburg_max_per_row":"","footnotes":""},"categories":[14],"tags":[],"class_list":["post-138692","post","type-post","status-publish","format-standard","has-post-thumbnail","hentry","category-educacao"],"_links":{"self":[{"href":"https:\/\/www.caririemacao.com\/1\/wp-json\/wp\/v2\/posts\/138692","targetHints":{"allow":["GET"]}}],"collection":[{"href":"https:\/\/www.caririemacao.com\/1\/wp-json\/wp\/v2\/posts"}],"about":[{"href":"https:\/\/www.caririemacao.com\/1\/wp-json\/wp\/v2\/types\/post"}],"author":[{"embeddable":true,"href":"https:\/\/www.caririemacao.com\/1\/wp-json\/wp\/v2\/users\/1"}],"replies":[{"embeddable":true,"href":"https:\/\/www.caririemacao.com\/1\/wp-json\/wp\/v2\/comments?post=138692"}],"version-history":[{"count":1,"href":"https:\/\/www.caririemacao.com\/1\/wp-json\/wp\/v2\/posts\/138692\/revisions"}],"predecessor-version":[{"id":138694,"href":"https:\/\/www.caririemacao.com\/1\/wp-json\/wp\/v2\/posts\/138692\/revisions\/138694"}],"wp:featuredmedia":[{"embeddable":true,"href":"https:\/\/www.caririemacao.com\/1\/wp-json\/wp\/v2\/media\/138693"}],"wp:attachment":[{"href":"https:\/\/www.caririemacao.com\/1\/wp-json\/wp\/v2\/media?parent=138692"}],"wp:term":[{"taxonomy":"category","embeddable":true,"href":"https:\/\/www.caririemacao.com\/1\/wp-json\/wp\/v2\/categories?post=138692"},{"taxonomy":"post_tag","embeddable":true,"href":"https:\/\/www.caririemacao.com\/1\/wp-json\/wp\/v2\/tags?post=138692"}],"curies":[{"name":"wp","href":"https:\/\/api.w.org\/{rel}","templated":true}]}}