{"id":138697,"date":"2019-11-30T09:47:49","date_gmt":"2019-11-30T12:47:49","guid":{"rendered":"http:\/\/www.caririemacao.com\/1\/?p=138697"},"modified":"2019-11-30T09:47:49","modified_gmt":"2019-11-30T12:47:49","slug":"mais-de-15-milhoes-de-pessoas-ainda-precisam-fazer-biometria-ou-nao-poderao-votar-em-2020","status":"publish","type":"post","link":"https:\/\/www.caririemacao.com\/1\/2019\/11\/30\/mais-de-15-milhoes-de-pessoas-ainda-precisam-fazer-biometria-ou-nao-poderao-votar-em-2020\/","title":{"rendered":"Mais de 15 milh\u00f5es de pessoas ainda precisam fazer biometria ou n\u00e3o poder\u00e3o votar em 2020"},"content":{"rendered":"\n<p>Levantamento do&nbsp;<strong>G1<\/strong>&nbsp;com base em dados do Tribunal Superior Eleitoral (TSE) mostra que 15,5 milh\u00f5es de pessoas ainda precisam fazer a biometria para votar nas elei\u00e7\u00f5es de 2020. O c\u00e1lculo considera apenas os eleitores que moram nos 4.577 munic\u00edpios onde a vota\u00e7\u00e3o por biometria ser\u00e1 obrigat\u00f3ria nas pr\u00f3ximas elei\u00e7\u00f5es. O 1\u00ba turno ser\u00e1 em 4 de outubro de 2020.<\/p>\n\n\n\n<p>Das 15,5 milh\u00f5es de pessoas que precisam registrar a biometria, mais da metade (56,6%) mora em cidades onde a revis\u00e3o biom\u00e9trica ainda est\u00e1 em andamento ou se encerrou recentemente. Por\u00e9m, essas 8,8 milh\u00f5es pessoas ainda n\u00e3o foram ao cart\u00f3rio eleitoral.<\/p>\n\n\n\n<p>As demais (6,7 milh\u00f5es, o equivalente a 43,4%) j\u00e1 tiveram o t\u00edtulo eleitoral cancelado por n\u00e3o comparecer \u00e0 revis\u00e3o biom\u00e9trica nas cidades onde o processo j\u00e1 foi encerrado h\u00e1 mais tempo e a biometria tamb\u00e9m \u00e9 obrigat\u00f3ria.<\/p>\n\n\n\n<p>Para chegar aos n\u00fameros, o&nbsp;<strong>G1&nbsp;<\/strong>cruzou v\u00e1rias informa\u00e7\u00f5es (uma rela\u00e7\u00e3o do TSE com a situa\u00e7\u00e3o de cada munic\u00edpio em rela\u00e7\u00e3o \u00e0 biometria, uma tabela pedida via Lei de Acesso \u00e0 Informa\u00e7\u00e3o com todos os t\u00edtulos cancelados e regularizados por causa da biometria e uma lista das cidades onde a biometria ser\u00e1 obrigat\u00f3ria enviada por cada um dos tribunais regionais eleitorais).<\/p>\n\n\n\n<figure class=\"wp-block-image\"><img decoding=\"async\" data-src=\"https:\/\/s2.glbimg.com\/1zL6m6i801O3mRO4W444MaP7NEU=\/0x0:1032x774\/984x0\/smart\/filters:strip_icc()\/i.s3.glbimg.com\/v1\/AUTH_59edd422c0c84a879bd37670ae4f538a\/internal_photos\/bs\/2019\/z\/I\/gRQsc4Sn2dXZzpCa0PHA\/whatsapp-image-2019-09-20-at-16.02.05.jpeg\" alt=\"O eleitor que perdeu o prazo para registrar a biometria pode procurar o cart\u00f3rio eleitoral at\u00e9 6 de maio de 2020 para regularizar a situa\u00e7\u00e3o \u2014 Foto: Junior Paschoalotto\/TV Fronteira\" src=\"data:image\/svg+xml;base64,PHN2ZyB3aWR0aD0iMSIgaGVpZ2h0PSIxIiB4bWxucz0iaHR0cDovL3d3dy53My5vcmcvMjAwMC9zdmciPjwvc3ZnPg==\" class=\"lazyload\" \/><\/figure>\n\n\n\n<p>O eleitor que perdeu o prazo para registrar a biometria pode procurar o cart\u00f3rio eleitoral at\u00e9 6 de maio de 2020 para regularizar a situa\u00e7\u00e3o \u2014 Foto: Junior Paschoalotto\/TV Fronteira<\/p>\n\n\n\n<p>Cada cidade tem um prazo final para a revis\u00e3o biom\u00e9trica. Quando o eleitor n\u00e3o comparece ao cart\u00f3rio eleitoral dentro do prazo, o t\u00edtulo \u00e9 cancelado. \u00c9 poss\u00edvel regularizar essa situa\u00e7\u00e3o, por\u00e9m, ao procurar um cart\u00f3rio eleitoral at\u00e9 6 de maio de 2020, quando se encerra o cadastro eleitoral para as pr\u00f3ximas elei\u00e7\u00f5es.<\/p>\n\n\n\n<p>Apenas em 2022 a biometria dever\u00e1 ser obrigat\u00f3ria em todo o Brasil. Os eleitores que votam nas elei\u00e7\u00f5es presidenciais no exterior n\u00e3o devem registrar a biometria.<\/p>\n\n\n\n<p>Segundo dados enviados ao&nbsp;<strong>G1<\/strong>&nbsp;pelo TSE por meio da Lei de Acesso \u00e0 Informa\u00e7\u00e3o, desde o in\u00edcio da revis\u00e3o biom\u00e9trica, 12,5 milh\u00f5es de t\u00edtulos eleitorais foram cancelados por n\u00e3o registro da biometria. Desse montante, 45,5% dos t\u00edtulos foram regularizados posteriormente.<\/p>\n\n\n\n<p>O restante (54,5%) continua em situa\u00e7\u00e3o irregular, e as pessoas precisam procurar o cart\u00f3rio eleitoral para atualizar os dados e registrar a biometria para poder votar.<\/p>\n\n\n\n<p>Salvador, Recife, Bel\u00e9m, Guarulhos e Cuiab\u00e1 s\u00e3o as cidades com o maior n\u00famero de t\u00edtulos eleitorais cancelados, ap\u00f3s o fim da revis\u00e3o biom\u00e9trica. Em Salvador, 226,5 mil t\u00edtulos continuam cancelados. No Recife, s\u00e3o 122,8 mil. Em Bel\u00e9m, 115,5 mil. Em Guarulhos, 114,4 mil. E em Cuiab\u00e1, 103,6 mil.<\/p>\n\n\n\n<figure class=\"wp-block-image\"><img decoding=\"async\" data-src=\"https:\/\/s01.video.glbimg.com\/x720\/8120900.jpg\" alt=\"Confira os prazos para fazer o cadastramento biom\u00e9trico\" src=\"data:image\/svg+xml;base64,PHN2ZyB3aWR0aD0iMSIgaGVpZ2h0PSIxIiB4bWxucz0iaHR0cDovL3d3dy53My5vcmcvMjAwMC9zdmciPjwvc3ZnPg==\" class=\"lazyload\" \/><\/figure>\n\n\n\n<p>Confira os prazos para fazer o cadastramento biom\u00e9trico<\/p>\n\n\n\n<p>O diretor-geral do Tribunal Regional Eleitoral do Rio de Janeiro (TRE-RJ), Bruno Andrade, lembra que a biometria \u00e9 importante para \u201cfortalecer e trazer seguran\u00e7a para o processo eleitoral\u201d. Ele acrescenta que a vota\u00e7\u00e3o por biometria impede, por exemplo, situa\u00e7\u00f5es de fraudes, como um eleitor votar no lugar de outra pessoa com uma identidade falsa.<\/p>\n\n\n\n<p>Ele conta ainda que o eleitor deve consultar se a cidade onde reside ter\u00e1 biometria obrigat\u00f3ria e qual \u00e9 o prazo para o cadastro. Na cidade do Rio de Janeiro, por exemplo, a biometria n\u00e3o ser\u00e1 obrigat\u00f3ria em 2020. Caso haja filas e a biometria n\u00e3o seja obrigat\u00f3ria nas elei\u00e7\u00f5es de 2020, o eleitor n\u00e3o precisa procurar o cart\u00f3rio eleitoral neste ano.<\/p>\n\n\n\n<p>\u201cO cadastro eleitoral fecha em maio [de 2020] e j\u00e1 h\u00e1 uma busca natural pelos cart\u00f3rios eleitorais por conta disso. Naquele momento, as buscas s\u00e3o maiores, e a pessoa que for atualizar a biometria vai enfrentar filas. Quanto mais o eleitor se programar mais f\u00e1cil ele consegue ser atendido no servi\u00e7o p\u00fablico de forma adequada\u201d, diz o diretor do TRE-RJ.<\/p>\n\n\n\n<p>Andrade destaca ainda que o atendimento no cart\u00f3rio eleitoral n\u00e3o \u00e9 demorado, principalmente se n\u00e3o houver fila: dura 8 ou 9 minutos. O funcion\u00e1rio do cart\u00f3rio deve atualizar os dados do eleitor, tirar uma foto do eleitor e tamb\u00e9m registrar a biometria dos 10 dedos.<\/p>\n\n\n\n<p>Em alguns locais, no entanto, filas t\u00eam sido frequentes, caso de Fortaleza.\u00a0Nesta quarta (27), duas pessoas foram detidas por vender lugar na fila para o cadastro biom\u00e9trico.\u00a0Um mutir\u00e3o foi feito para acelerar o procedimento, mas a busca ainda causou enormes filas. E espa\u00e7os foram vendidos por R$ 20, R$ 50 e at\u00e9 R$ 100, dependendo da posi\u00e7\u00e3o.<\/p>\n\n\n\n<figure class=\"wp-block-image\"><img decoding=\"async\" data-src=\"https:\/\/s2.glbimg.com\/eZuZMwboa6TluDatQP34u479IMI=\/0x0:1440x810\/984x0\/smart\/filters:strip_icc()\/i.s3.glbimg.com\/v1\/AUTH_59edd422c0c84a879bd37670ae4f538a\/internal_photos\/bs\/2019\/S\/o\/VLBqUnSiyCpqvaajLcBw\/mutirao-biometria-fortaleza-ceara.jpg\" alt=\"Lugar na fila para cadastro biom\u00e9trico em Fortaleza \u00e9 negociado por at\u00e9 R$ 100 \u2014 Foto: Thiago Gadelha\/SVM\" src=\"data:image\/svg+xml;base64,PHN2ZyB3aWR0aD0iMSIgaGVpZ2h0PSIxIiB4bWxucz0iaHR0cDovL3d3dy53My5vcmcvMjAwMC9zdmciPjwvc3ZnPg==\" class=\"lazyload\" \/><\/figure>\n\n\n\n<h2 class=\"wp-block-heading\">Veja a situa\u00e7\u00e3o em cada estado:<\/h2>\n\n\n\n<h2 class=\"wp-block-heading\">ACRE<\/h2>\n\n\n\n<p>Todos os munic\u00edpios ter\u00e3o obrigatoriamente elei\u00e7\u00e3o por biometria nas elei\u00e7\u00f5es de 2020. Nas elei\u00e7\u00f5es de 2018, 12 dos 22 munic\u00edpios adotaram a biometria de forma obrigat\u00f3ria.<\/p>\n\n\n\n<h2 class=\"wp-block-heading\">ALAGOAS<\/h2>\n\n\n\n<p>Todos os munic\u00edpios ter\u00e3o obrigatoriamente elei\u00e7\u00e3o por biometria nas elei\u00e7\u00f5es de 2020. Nas elei\u00e7\u00f5es de 2018, a biometria j\u00e1 era obrigat\u00f3ria em todo o estado.<\/p>\n\n\n\n<h2 class=\"wp-block-heading\">AMAP\u00c1<\/h2>\n\n\n\n<p>Todos os munic\u00edpios ter\u00e3o obrigatoriamente elei\u00e7\u00e3o por biometria nas elei\u00e7\u00f5es de 2020. Nas elei\u00e7\u00f5es de 2018, a biometria j\u00e1 era obrigat\u00f3ria em todo o estado.<\/p>\n\n\n\n<h2 class=\"wp-block-heading\">AMAZONAS<\/h2>\n\n\n\n<p>Todos os munic\u00edpios ter\u00e3o obrigatoriamente elei\u00e7\u00e3o por biometria nas elei\u00e7\u00f5es de 2020. A previs\u00e3o era que isso j\u00e1 ocorresse em 2018, mas o plano precisou ser alterado, segundo o TRE-AM, porque o TSE cassou o governador e convocou uma elei\u00e7\u00e3o suplementar, o que \u201cobrigou a desmobiliza\u00e7\u00e3o do trabalho de cadastramento biom\u00e9trico\u201d.<\/p>\n\n\n\n<h2 class=\"wp-block-heading\">BAHIA<\/h2>\n\n\n\n<p>Todos os munic\u00edpios ter\u00e3o obrigatoriamente elei\u00e7\u00e3o por biometria nas elei\u00e7\u00f5es de 2020. Nas elei\u00e7\u00f5es de 2018, 97 dos 417 munic\u00edpios adotaram a biometria de forma obrigat\u00f3ria.<\/p>\n\n\n\n<h2 class=\"wp-block-heading\">CEAR\u00c1<\/h2>\n\n\n\n<p>Todos os munic\u00edpios ter\u00e3o obrigatoriamente elei\u00e7\u00e3o por biometria nas elei\u00e7\u00f5es de 2020. Nas elei\u00e7\u00f5es de 2018, 129 dos 184 munic\u00edpios adotaram a biometria de forma obrigat\u00f3ria.<\/p>\n\n\n\n<h2 class=\"wp-block-heading\">DISTRITO FEDERAL<\/h2>\n\n\n\n<p>N\u00e3o realiza elei\u00e7\u00f5es municipais. Nas elei\u00e7\u00f5es de 2018, a biometria j\u00e1 era obrigat\u00f3ria no Distrito Federal.<\/p>\n\n\n\n<h2 class=\"wp-block-heading\">ESP\u00cdRITO SANTO<\/h2>\n\n\n\n<p>A biometria ser\u00e1 obrigat\u00f3ria em 42 dos 78 munic\u00edpios nas elei\u00e7\u00f5es de 2020. Nas elei\u00e7\u00f5es de 2018, 38 dos 78 munic\u00edpios adotaram a biometria de forma obrigat\u00f3ria.\u00a0Consulte quais s\u00e3o as cidades com biometria obrigat\u00f3ria no ES.<\/p>\n\n\n\n<h2 class=\"wp-block-heading\">GOI\u00c1S<\/h2>\n\n\n\n<p>Todos os munic\u00edpios ter\u00e3o obrigatoriamente elei\u00e7\u00e3o por biometria nas elei\u00e7\u00f5es de 2020. Nas elei\u00e7\u00f5es de 2018, a biometria j\u00e1 era obrigat\u00f3ria em todo o estado.<\/p>\n\n\n\n<h2 class=\"wp-block-heading\">MARANH\u00c3O<\/h2>\n\n\n\n<p>Todos os munic\u00edpios ter\u00e3o obrigatoriamente elei\u00e7\u00e3o por biometria nas elei\u00e7\u00f5es de 2020. Nas elei\u00e7\u00f5es de 2018, 92 dos 217 munic\u00edpios adotaram a biometria de forma obrigat\u00f3ria.<\/p>\n\n\n\n<h2 class=\"wp-block-heading\">MATO GROSSO<\/h2>\n\n\n\n<p>A biometria ser\u00e1 obrigat\u00f3ria em pelo menos 87 dos 141 munic\u00edpios nas elei\u00e7\u00f5es de 2020. At\u00e9 mar\u00e7o de 2020, outros munic\u00edpios podem ser inclu\u00eddos nessa lista. Nas elei\u00e7\u00f5es de 2018, 34 dos 141 munic\u00edpios adotaram a biometria de forma obrigat\u00f3ria.<\/p>\n\n\n\n<h2 class=\"wp-block-heading\">MATO GROSSO DO SUL<\/h2>\n\n\n\n<p>A biometria ser\u00e1 obrigat\u00f3ria em 38 dos 79 munic\u00edpios nas elei\u00e7\u00f5es de 2020. Nas elei\u00e7\u00f5es de 2018, 10 dos 79 munic\u00edpios adotaram a biometria de forma obrigat\u00f3ria.<\/p>\n\n\n\n<h2 class=\"wp-block-heading\">MINAS GERAIS<\/h2>\n\n\n\n<p>A biometria ser\u00e1 obrigat\u00f3ria em 259 dos 853 munic\u00edpios nas elei\u00e7\u00f5es de 2020. Nas elei\u00e7\u00f5es de 2018, 84 dos 853 munic\u00edpios adotaram a biometria de forma obrigat\u00f3ria. Entre as 84 cidades j\u00e1 estavam o segundo e terceiro maiores col\u00e9gios eleitorais do estado: Uberl\u00e2ndia, com 478 mil eleitores, e Contagem, com 415 mil eleitores.<\/p>\n\n\n\n<h2 class=\"wp-block-heading\">PAR\u00c1<\/h2>\n\n\n\n<p>Todos os munic\u00edpios ter\u00e3o obrigatoriamente elei\u00e7\u00e3o por biometria nas elei\u00e7\u00f5es de 2020. Nas elei\u00e7\u00f5es de 2018, 54 dos 144 munic\u00edpios adotaram a biometria de forma obrigat\u00f3ria.<\/p>\n\n\n\n<h2 class=\"wp-block-heading\">PARA\u00cdBA<\/h2>\n\n\n\n<p>Todos os munic\u00edpios ter\u00e3o obrigatoriamente elei\u00e7\u00e3o por biometria nas elei\u00e7\u00f5es de 2020. Nas elei\u00e7\u00f5es de 2018, a biometria j\u00e1 era obrigat\u00f3ria em todo o estado.<\/p>\n\n\n\n<h2 class=\"wp-block-heading\">PARAN\u00c1<\/h2>\n\n\n\n<p>Todos os munic\u00edpios ter\u00e3o obrigatoriamente elei\u00e7\u00e3o por biometria nas elei\u00e7\u00f5es de 2020. Nas elei\u00e7\u00f5es de 2018, 281 dos 399 munic\u00edpios adotaram a biometria de forma obrigat\u00f3ria.<\/p>\n\n\n\n<h2 class=\"wp-block-heading\">PERNAMBUCO<\/h2>\n\n\n\n<p>A biometria ser\u00e1 obrigat\u00f3ria em 155 dos 184 munic\u00edpios nas elei\u00e7\u00f5es de 2020. Nas elei\u00e7\u00f5es de 2018, 112 dos 184 munic\u00edpios adotaram a biometria de forma obrigat\u00f3ria.<\/p>\n\n\n\n<h2 class=\"wp-block-heading\">PIAU\u00cd<\/h2>\n\n\n\n<p>Todos os munic\u00edpios ter\u00e3o obrigatoriamente elei\u00e7\u00e3o por biometria nas elei\u00e7\u00f5es de 2020. Nas elei\u00e7\u00f5es de 2018, a biometria j\u00e1 era obrigat\u00f3ria em todo o estado.<\/p>\n\n\n\n<h2 class=\"wp-block-heading\">RIO DE JANEIRO<\/h2>\n\n\n\n<p>A biometria ser\u00e1 obrigat\u00f3ria em 42 dos 92 munic\u00edpios nas elei\u00e7\u00f5es de 2020. Nas elei\u00e7\u00f5es de 2018, sete dos 92 munic\u00edpios j\u00e1 haviam adotado a biometria de forma obrigat\u00f3ria: Arma\u00e7\u00e3o dos B\u00fazios, Niter\u00f3i, S\u00e3o Jo\u00e3o da Barra, Queimados, Rio das Ostras, S\u00e3o Sebasti\u00e3o do Alto e Trajano de Moraes.<\/p>\n\n\n\n<h2 class=\"wp-block-heading\">RIO GRANDE DO NORTE<\/h2>\n\n\n\n<p>Todos os munic\u00edpios ter\u00e3o obrigatoriamente elei\u00e7\u00e3o por biometria nas elei\u00e7\u00f5es de 2020. Nas elei\u00e7\u00f5es de 2018, a biometria j\u00e1 era obrigat\u00f3ria em todo o estado.<\/p>\n\n\n\n<h2 class=\"wp-block-heading\">RIO GRANDE DO SUL<\/h2>\n\n\n\n<p>A biometria ser\u00e1 obrigat\u00f3ria em pelo menos 476 dos 497 munic\u00edpios nas elei\u00e7\u00f5es de 2020. Os demais 21 munic\u00edpios s\u00f3 come\u00e7ar\u00e3o a revis\u00e3o biom\u00e9trica em 2021 e 2022. Nas elei\u00e7\u00f5es de 2018, 426 dos 497 munic\u00edpios adotaram a biometria de forma obrigat\u00f3ria.<\/p>\n\n\n\n<h2 class=\"wp-block-heading\">ROND\u00d4NIA<\/h2>\n\n\n\n<p>Todos os munic\u00edpios ter\u00e3o obrigatoriamente elei\u00e7\u00e3o por biometria nas elei\u00e7\u00f5es de 2020. Os \u00faltimos 16 munic\u00edpios que passaram pelo recadastramento conclu\u00edram a etapa em 27 de setembro deste ano. Nas elei\u00e7\u00f5es de 2018, 36 dos 52 munic\u00edpios adotaram a biometria de forma obrigat\u00f3ria.<\/p>\n\n\n\n<h2 class=\"wp-block-heading\">RORAIMA<\/h2>\n\n\n\n<p>Todos os munic\u00edpios ter\u00e3o obrigatoriamente elei\u00e7\u00e3o por biometria nas elei\u00e7\u00f5es de 2020. Nas elei\u00e7\u00f5es de 2018, a biometria j\u00e1 era obrigat\u00f3ria em todo o estado.<\/p>\n\n\n\n<h2 class=\"wp-block-heading\">SANTA CATARINA<\/h2>\n\n\n\n<p>A biometria ser\u00e1 obrigat\u00f3ria em 188 dos 295 munic\u00edpios nas elei\u00e7\u00f5es de 2020. Segundo o TRE-SC, esses munic\u00edpios concentram 3\/4 do eleitorado catarinense. Nos demais 107 munic\u00edpios de SC, a identifica\u00e7\u00e3o ser\u00e1 mista (por biometria, caso o eleitor j\u00e1 tenha feito o cadastro biom\u00e9trico, ou pela identifica\u00e7\u00e3o tradicional).<\/p>\n\n\n\n<h2 class=\"wp-block-heading\">S\u00c3O PAULO<\/h2>\n\n\n\n<p>A biometria ser\u00e1 obrigat\u00f3ria em 586 dos 645 munic\u00edpios nas elei\u00e7\u00f5es de 2020. Nas elei\u00e7\u00f5es de 2018, 79 dos 645 munic\u00edpios adotaram a biometria de forma obrigat\u00f3ria.<\/p>\n\n\n\n<h2 class=\"wp-block-heading\">SERGIPE<\/h2>\n\n\n\n<p>Todos os munic\u00edpios ter\u00e3o obrigatoriamente elei\u00e7\u00e3o por biometria nas elei\u00e7\u00f5es de 2020. Nas elei\u00e7\u00f5es de 2018, a biometria j\u00e1 era obrigat\u00f3ria em todo o estado.<\/p>\n\n\n\n<h2 class=\"wp-block-heading\">TOCANTINS<\/h2>\n\n\n\n<p>Todos os munic\u00edpios ter\u00e3o obrigatoriamente elei\u00e7\u00e3o por biometria nas elei\u00e7\u00f5es de 2020. Nas elei\u00e7\u00f5es de 2018, a biometria j\u00e1 era obrigat\u00f3ria em todo o estado.<\/p>\n\n\n\n<h2 class=\"wp-block-heading\">O que \u00e9 o cadastramento?<\/h2>\n\n\n\n<p>A biometria usa as impress\u00f5es digitais para identificar o cidad\u00e3o. O objetivo \u00e9 ter mais seguran\u00e7a e evitar fraudes. No Brasil, a emiss\u00e3o de passaporte, de carteiras de identidade e o cadastro das Pol\u00edcias Civil e Federal contam com sistemas biom\u00e9tricos.<\/p>\n\n\n\n<p>A coleta das digitais dura poucos segundos. Al\u00e9m disso, \u00e9 tirada uma fotografia e cadastrada a assinatura digitalizada. Para fazer o cadastro, basta levar documento oficial de identifica\u00e7\u00e3o e comprovante de resid\u00eancia atualizado. Para o primeiro alistamento, homens devem comprovar tamb\u00e9m a regularidade com o servi\u00e7o militar.<\/p>\n\n\n\n<h2 class=\"wp-block-heading\">O que acontece se seu t\u00edtulo for cancelado?<\/h2>\n\n\n\n<ul class=\"wp-block-list\"><li>N\u00e3o poder\u00e1 votar<\/li><li>N\u00e3o poder\u00e1 solicitar passaporte, carteira de identidade ou qualquer outro documento que necessite da certid\u00e3o de quita\u00e7\u00e3o eleitoral<\/li><li>N\u00e3o poder\u00e1 se inscrever em concursos p\u00fablicos ou tomar posse em cargo ou fun\u00e7\u00e3o p\u00fablica<\/li><li>N\u00e3o poder\u00e1 receber sal\u00e1rio ou qualquer outra remunera\u00e7\u00e3o de emprego ou fun\u00e7\u00e3o p\u00fablica<\/li><li>N\u00e3o poder\u00e1 participar de concorr\u00eancia p\u00fablica ou administrativa em qualquer autarquia da Uni\u00e3o, dos estados, dos munic\u00edpios ou do Distrito Federal<\/li><li>N\u00e3o poder\u00e1 pedir empr\u00e9stimos em banco ou estabelecimento de cr\u00e9dito mantido pelo governo<\/li><li>N\u00e3o poder\u00e1 renovar ou fazer matr\u00edcula em estabelecimentos de ensino p\u00fablico<\/li><\/ul>\n\n\n\n<h2 class=\"wp-block-heading\">Percentual de biometria em cada estado<\/h2>\n\n\n\n<p>Biometria por UF<\/p>\n\n\n\n<table class=\"wp-block-table\"><tbody><tr><td>UF<\/td><td>Eleitorado<\/td><td>Eleitorado com biometria<\/td><td>Percentual<\/td><\/tr><tr><td>TO<\/td><td>1.001.276<\/td><td>1.000.744<\/td><td>99,9%<\/td><\/tr><tr><td>PI<\/td><td>2.395.249<\/td><td>2.393.758<\/td><td>99,9%<\/td><\/tr><tr><td>SE<\/td><td>1.575.654<\/td><td>1.574.316<\/td><td>99,9%<\/td><\/tr><tr><td>GO<\/td><td>4.499.716<\/td><td>4.493.212<\/td><td>99,9%<\/td><\/tr><tr><td>RR<\/td><td>334.696<\/td><td>334.239<\/td><td>99,9%<\/td><\/tr><tr><td>PB<\/td><td>2.892.768<\/td><td>2.887.790<\/td><td>99,8%<\/td><\/tr><tr><td>RO<\/td><td>1.142.328<\/td><td>1.140.103<\/td><td>99,8%<\/td><\/tr><tr><td>AC<\/td><td>540.681<\/td><td>539.556<\/td><td>99,8%<\/td><\/tr><tr><td>AP<\/td><td>509.777<\/td><td>508.625<\/td><td>99,8%<\/td><\/tr><tr><td>DF<\/td><td>2.086.743<\/td><td>2.081.681<\/td><td>99,8%<\/td><\/tr><tr><td>RN<\/td><td>2.395.471<\/td><td>2.388.490<\/td><td>99,7%<\/td><\/tr><tr><td>AL<\/td><td>2.179.517<\/td><td>2.173.047<\/td><td>99,7%<\/td><\/tr><tr><td>PA<\/td><td>5.414.338<\/td><td>5.327.057<\/td><td>98,4%<\/td><\/tr><tr><td>PR<\/td><td>8.048.652<\/td><td>7.872.153<\/td><td>97,8%<\/td><\/tr><tr><td>AM<\/td><td>2.404.149<\/td><td>2.286.229<\/td><td>95,1%<\/td><\/tr><tr><td>MA<\/td><td>4.571.645<\/td><td>4.213.794<\/td><td>92,2%<\/td><\/tr><tr><td>CE<\/td><td>6.432.811<\/td><td>5.839.620<\/td><td>90,8%<\/td><\/tr><tr><td>BA<\/td><td>10.460.008<\/td><td>9.315.347<\/td><td>89,1%<\/td><\/tr><tr><td>MT<\/td><td>2.153.759<\/td><td>1.777.079<\/td><td>82,5%<\/td><\/tr><tr><td>PE<\/td><td>6.636.623<\/td><td>5.435.023<\/td><td>81,9%<\/td><\/tr><tr><td>SC<\/td><td>5.128.981<\/td><td>4.045.139<\/td><td>78,9%<\/td><\/tr><tr><td>RS<\/td><td>8.312.962<\/td><td>6.430.485<\/td><td>77,4%<\/td><\/tr><tr><td>MS<\/td><td>1.889.416<\/td><td>1.425.778<\/td><td>75,5%<\/td><\/tr><tr><td>SP<\/td><td>33.214.349<\/td><td>21.250.733<\/td><td>64,0%<\/td><\/tr><tr><td>RJ<\/td><td>12.371.426<\/td><td>6.876.803<\/td><td>55,6%<\/td><\/tr><tr><td>ES<\/td><td>2.773.855<\/td><td>1.493.211<\/td><td>53,8%<\/td><\/tr><tr><td>MG<\/td><td>15.704.276<\/td><td>7.068.538<\/td><td>45,0%<\/td><\/tr><\/tbody><\/table>\n\n\n\n<p>Fonte: TSE <\/p>\n\n\n\n<p><\/p>\n\n\n\n<p>G1<\/p>\n","protected":false},"excerpt":{"rendered":"<p>Levantamento do&nbsp;G1&nbsp;com base em dados do Tribunal Superior Eleitoral (TSE) mostra que 15,5 milh\u00f5es de pessoas ainda precisam fazer a biometria para votar nas elei\u00e7\u00f5es&hellip; <\/p>\n","protected":false},"author":1,"featured_media":138700,"comment_status":"closed","ping_status":"closed","sticky":false,"template":"","format":"standard","meta":{"sfsi_plus_gutenberg_text_before_share":"","sfsi_plus_gutenberg_show_text_before_share":"","sfsi_plus_gutenberg_icon_type":"","sfsi_plus_gutenberg_icon_alignemt":"","sfsi_plus_gutenburg_max_per_row":"","footnotes":""},"categories":[11],"tags":[],"class_list":["post-138697","post","type-post","status-publish","format-standard","has-post-thumbnail","hentry","category-politica"],"_links":{"self":[{"href":"https:\/\/www.caririemacao.com\/1\/wp-json\/wp\/v2\/posts\/138697","targetHints":{"allow":["GET"]}}],"collection":[{"href":"https:\/\/www.caririemacao.com\/1\/wp-json\/wp\/v2\/posts"}],"about":[{"href":"https:\/\/www.caririemacao.com\/1\/wp-json\/wp\/v2\/types\/post"}],"author":[{"embeddable":true,"href":"https:\/\/www.caririemacao.com\/1\/wp-json\/wp\/v2\/users\/1"}],"replies":[{"embeddable":true,"href":"https:\/\/www.caririemacao.com\/1\/wp-json\/wp\/v2\/comments?post=138697"}],"version-history":[{"count":1,"href":"https:\/\/www.caririemacao.com\/1\/wp-json\/wp\/v2\/posts\/138697\/revisions"}],"predecessor-version":[{"id":138701,"href":"https:\/\/www.caririemacao.com\/1\/wp-json\/wp\/v2\/posts\/138697\/revisions\/138701"}],"wp:featuredmedia":[{"embeddable":true,"href":"https:\/\/www.caririemacao.com\/1\/wp-json\/wp\/v2\/media\/138700"}],"wp:attachment":[{"href":"https:\/\/www.caririemacao.com\/1\/wp-json\/wp\/v2\/media?parent=138697"}],"wp:term":[{"taxonomy":"category","embeddable":true,"href":"https:\/\/www.caririemacao.com\/1\/wp-json\/wp\/v2\/categories?post=138697"},{"taxonomy":"post_tag","embeddable":true,"href":"https:\/\/www.caririemacao.com\/1\/wp-json\/wp\/v2\/tags?post=138697"}],"curies":[{"name":"wp","href":"https:\/\/api.w.org\/{rel}","templated":true}]}}