{"id":138705,"date":"2019-11-30T09:52:41","date_gmt":"2019-11-30T12:52:41","guid":{"rendered":"http:\/\/www.caririemacao.com\/1\/?p=138705"},"modified":"2019-11-30T09:52:41","modified_gmt":"2019-11-30T12:52:41","slug":"crime-de-homofobia-em-grupo-de-whatsapp-e-investigado-em-inquerito-policial","status":"publish","type":"post","link":"https:\/\/www.caririemacao.com\/1\/2019\/11\/30\/crime-de-homofobia-em-grupo-de-whatsapp-e-investigado-em-inquerito-policial\/","title":{"rendered":"Crime de homofobia em grupo de WhatsApp \u00e9 investigado em inqu\u00e9rito policial"},"content":{"rendered":"\n<p>A Pol\u00edcia Civil da cidade de Monteiro, no Cariri da Para\u00edba, instaurou um inqu\u00e9rito para investigar a pr\u00e1tica de crime de homofobia. O crime \u00e9 considerado de racismo e foi praticado por participantes de grupo de WhatsApp na cidade.&nbsp;<\/p>\n\n\n\n<p>A 34\u00aa C\u00e2mara de Direito Privado do Tribunal de Justi\u00e7a de S\u00e3o Paulo condenou uma mulher a indenizar outra que foi ofendida por outra membro do grupo no aplicativo em R$ 3 mil.<\/p>\n\n\n\n<p>O delegado respons\u00e1vel pela investiga\u00e7\u00e3o na 14\u00ba DSPC em Monteiro \u00e9 o Paulo \u00canio Rabelo. Os envolvidos j\u00e1 foram intimados a prestar depoimento a respeito da declara\u00e7\u00e3o homof\u00f3bica publicada dentro de grupo de WhatsApp em \u00e1udio contra um dos participantes.&nbsp;<\/p>\n\n\n\n<p>O STF permite criminaliza\u00e7\u00e3o da homofobia e da transfobia, pela decis\u00e3o do tribunal, declara\u00e7\u00f5es homof\u00f3bicas poder\u00e3o ser enquadradas no crime de racismo. Pena prevista \u00e9 de um a tr\u00eas anos, podendo chegar a cinco anos em casos mais graves.&nbsp;<\/p>\n\n\n\n<p>O administrador de grupo de WhatsApp poder\u00e1 responder por ofensa entre membros, caso n\u00e3o ajam para impedi-las ou coibi-las. A decis\u00e3o no caso de Monteiro foi un\u00e2nime.&nbsp;O caso ser\u00e1 encaminhado para a vara criminal do F\u00f3rum Ministro Luiz Rafael Maia.<\/p>\n\n\n\n<p><em>Portal TV Cariri<\/em><\/p>\n","protected":false},"excerpt":{"rendered":"<p>A Pol\u00edcia Civil da cidade de Monteiro, no Cariri da Para\u00edba, instaurou um inqu\u00e9rito para investigar a pr\u00e1tica de crime de homofobia. O crime \u00e9&hellip; <\/p>\n","protected":false},"author":1,"featured_media":1010,"comment_status":"closed","ping_status":"closed","sticky":false,"template":"","format":"standard","meta":{"sfsi_plus_gutenberg_text_before_share":"","sfsi_plus_gutenberg_show_text_before_share":"","sfsi_plus_gutenberg_icon_type":"","sfsi_plus_gutenberg_icon_alignemt":"","sfsi_plus_gutenburg_max_per_row":"","footnotes":""},"categories":[12],"tags":[],"class_list":["post-138705","post","type-post","status-publish","format-standard","has-post-thumbnail","hentry","category-policia"],"_links":{"self":[{"href":"https:\/\/www.caririemacao.com\/1\/wp-json\/wp\/v2\/posts\/138705","targetHints":{"allow":["GET"]}}],"collection":[{"href":"https:\/\/www.caririemacao.com\/1\/wp-json\/wp\/v2\/posts"}],"about":[{"href":"https:\/\/www.caririemacao.com\/1\/wp-json\/wp\/v2\/types\/post"}],"author":[{"embeddable":true,"href":"https:\/\/www.caririemacao.com\/1\/wp-json\/wp\/v2\/users\/1"}],"replies":[{"embeddable":true,"href":"https:\/\/www.caririemacao.com\/1\/wp-json\/wp\/v2\/comments?post=138705"}],"version-history":[{"count":1,"href":"https:\/\/www.caririemacao.com\/1\/wp-json\/wp\/v2\/posts\/138705\/revisions"}],"predecessor-version":[{"id":138706,"href":"https:\/\/www.caririemacao.com\/1\/wp-json\/wp\/v2\/posts\/138705\/revisions\/138706"}],"wp:featuredmedia":[{"embeddable":true,"href":"https:\/\/www.caririemacao.com\/1\/wp-json\/wp\/v2\/media\/1010"}],"wp:attachment":[{"href":"https:\/\/www.caririemacao.com\/1\/wp-json\/wp\/v2\/media?parent=138705"}],"wp:term":[{"taxonomy":"category","embeddable":true,"href":"https:\/\/www.caririemacao.com\/1\/wp-json\/wp\/v2\/categories?post=138705"},{"taxonomy":"post_tag","embeddable":true,"href":"https:\/\/www.caririemacao.com\/1\/wp-json\/wp\/v2\/tags?post=138705"}],"curies":[{"name":"wp","href":"https:\/\/api.w.org\/{rel}","templated":true}]}}