{"id":138711,"date":"2019-11-30T09:54:59","date_gmt":"2019-11-30T12:54:59","guid":{"rendered":"http:\/\/www.caririemacao.com\/1\/?p=138711"},"modified":"2019-11-30T09:54:59","modified_gmt":"2019-11-30T12:54:59","slug":"carne-estava-muito-barata-e-patamar-nao-voltara-ao-que-era-diz-ministra","status":"publish","type":"post","link":"https:\/\/www.caririemacao.com\/1\/2019\/11\/30\/carne-estava-muito-barata-e-patamar-nao-voltara-ao-que-era-diz-ministra\/","title":{"rendered":"Carne estava muito barata e patamar n\u00e3o voltar\u00e1 ao que era, diz ministra"},"content":{"rendered":"\n<p>\n\nA alta do pre\u00e7o da carne \u2013 que chega a at\u00e9 26% desde janeiro, dependendo o corte \u2013 indica um novo padr\u00e3o, segundo avalia\u00e7\u00e3o da ministra da Agricultura, Tereza Cristina. Em entrevista ao portal Poder 360, Cristina declarou que o produto \u201cficou por tr\u00eas anos com valor muito baixo\u201d e em 2019 chegou a um novo patamar que n\u00e3o deve voltar \u00e0 m\u00e9dia anterior.<\/p>\n\n\n\n<p>\u201c[O pre\u00e7o da carne] vai ter uma estabiliza\u00e7\u00e3o, n\u00e3o vai ter mais essas puxadas. Mas n\u00e3o tem perigo de voltar ao que era. Mudou o patamar. J\u00e1 tinha mudado o da soja, do milho. A carne ficou por tr\u00eas anos com valor muito baixo. Isso faz com que o mercado sinta mais essa subida\u201d, afirmou a ministra.<\/p>\n\n\n\n<p>Na mesma entrevista, Cristina nega qualquer possibilidade de que falte carne para venda no pa\u00eds: \u201co risco de desabastecimento \u00e9 zero\u201d, declarou.<\/p>\n\n\n\n<p>Al\u00e9m de fatores conhecidos como o aumento da demanda dos chineses, a ministra aponta fatores clim\u00e1ticas para justificar a infla\u00e7\u00e3o.<\/p>\n\n\n\n<p>\u201cTivemos uma seca um pouco prolongada neste ano, com pastos n\u00e3o de muita qualidade para fazer o acabamento do gado. Geralmente,&nbsp; o que o produtor faz \u00e9 dar ra\u00e7\u00e3o para o gado para fazer o acabamento. Neste ano, com o valor da arroba, n\u00e3o fechava a conta, ent\u00e3o a maioria n\u00e3o conseguiu fazer isso e houve um retardamento da oferta de boi gordo\u201d, disse.<\/p>\n\n\n\n<p>A m\u00e9dio prazo, por\u00e9m, a ministra acredita em rea\u00e7\u00e3o do setor e benef\u00edcios aos consumidores com aumento de produ\u00e7\u00e3o. \u201cO produtor vinha tendo muitos problemas, querendo at\u00e9 trocar de atividade, porque estava tendo preju\u00edzo. A produ\u00e7\u00e3o vai aumentar. Podemos diminuir o tempo de abate, tendo animais mais jovens no peso ideal\u201d, disse.\n\n<\/p>\n","protected":false},"excerpt":{"rendered":"<p>A alta do pre\u00e7o da carne \u2013 que chega a at\u00e9 26% desde janeiro, dependendo o corte \u2013 indica um novo padr\u00e3o, segundo avalia\u00e7\u00e3o da&hellip; <\/p>\n","protected":false},"author":1,"featured_media":71404,"comment_status":"closed","ping_status":"closed","sticky":false,"template":"","format":"standard","meta":{"sfsi_plus_gutenberg_text_before_share":"","sfsi_plus_gutenberg_show_text_before_share":"","sfsi_plus_gutenberg_icon_type":"","sfsi_plus_gutenberg_icon_alignemt":"","sfsi_plus_gutenburg_max_per_row":"","footnotes":""},"categories":[11],"tags":[],"class_list":["post-138711","post","type-post","status-publish","format-standard","has-post-thumbnail","hentry","category-politica"],"_links":{"self":[{"href":"https:\/\/www.caririemacao.com\/1\/wp-json\/wp\/v2\/posts\/138711","targetHints":{"allow":["GET"]}}],"collection":[{"href":"https:\/\/www.caririemacao.com\/1\/wp-json\/wp\/v2\/posts"}],"about":[{"href":"https:\/\/www.caririemacao.com\/1\/wp-json\/wp\/v2\/types\/post"}],"author":[{"embeddable":true,"href":"https:\/\/www.caririemacao.com\/1\/wp-json\/wp\/v2\/users\/1"}],"replies":[{"embeddable":true,"href":"https:\/\/www.caririemacao.com\/1\/wp-json\/wp\/v2\/comments?post=138711"}],"version-history":[{"count":1,"href":"https:\/\/www.caririemacao.com\/1\/wp-json\/wp\/v2\/posts\/138711\/revisions"}],"predecessor-version":[{"id":138712,"href":"https:\/\/www.caririemacao.com\/1\/wp-json\/wp\/v2\/posts\/138711\/revisions\/138712"}],"wp:featuredmedia":[{"embeddable":true,"href":"https:\/\/www.caririemacao.com\/1\/wp-json\/wp\/v2\/media\/71404"}],"wp:attachment":[{"href":"https:\/\/www.caririemacao.com\/1\/wp-json\/wp\/v2\/media?parent=138711"}],"wp:term":[{"taxonomy":"category","embeddable":true,"href":"https:\/\/www.caririemacao.com\/1\/wp-json\/wp\/v2\/categories?post=138711"},{"taxonomy":"post_tag","embeddable":true,"href":"https:\/\/www.caririemacao.com\/1\/wp-json\/wp\/v2\/tags?post=138711"}],"curies":[{"name":"wp","href":"https:\/\/api.w.org\/{rel}","templated":true}]}}