{"id":138714,"date":"2019-11-30T09:56:05","date_gmt":"2019-11-30T12:56:05","guid":{"rendered":"http:\/\/www.caririemacao.com\/1\/?p=138714"},"modified":"2019-11-30T09:56:05","modified_gmt":"2019-11-30T12:56:05","slug":"onu-cobra-r-17-bi-do-brasil-e-ameaca-tirar-direito-a-voto","status":"publish","type":"post","link":"https:\/\/www.caririemacao.com\/1\/2019\/11\/30\/onu-cobra-r-17-bi-do-brasil-e-ameaca-tirar-direito-a-voto\/","title":{"rendered":"ONU cobra R$ 1,7 bi do Brasil e amea\u00e7a tirar direito a voto"},"content":{"rendered":"\n<p>O minist\u00e9rio das Rela\u00e7\u00f5es Exteriores (Itamaraty) pediu que o Minist\u00e9rio da Economia libere verba com urg\u00eancia para quitar a d\u00edvida do pa\u00eds com a ONU, informa a Veja.<\/p>\n\n\n\n<p>Segundo o jornal, o Brasil est\u00e1 a um m\u00eas de perder o direito de voto na Assembleia Geral das Na\u00e7\u00f5es Unidas por conta de uma d\u00edvida de 415,8 milh\u00f5es de d\u00f3lares, acumulado entre 2016 a 2019. Com o d\u00f3lar a R$ 4,19, chega a 1,7 bilh\u00e3o de reais.<\/p>\n\n\n\n<p>O Brasil, de acordo com a Veja, deve efetuar o pagamento m\u00ednimo da fatura, de 126 milh\u00f5es de d\u00f3lares, ou R$ 530,6 milh\u00f5es, at\u00e9 in\u00edcio de janeiro de 2020. Pouco mais de&nbsp; um m\u00eas.<br><\/p>\n","protected":false},"excerpt":{"rendered":"<p>O minist\u00e9rio das Rela\u00e7\u00f5es Exteriores (Itamaraty) pediu que o Minist\u00e9rio da Economia libere verba com urg\u00eancia para quitar a d\u00edvida do pa\u00eds com a ONU,&hellip; <\/p>\n","protected":false},"author":1,"featured_media":27383,"comment_status":"closed","ping_status":"closed","sticky":false,"template":"","format":"standard","meta":{"sfsi_plus_gutenberg_text_before_share":"","sfsi_plus_gutenberg_show_text_before_share":"","sfsi_plus_gutenberg_icon_type":"","sfsi_plus_gutenberg_icon_alignemt":"","sfsi_plus_gutenburg_max_per_row":"","footnotes":""},"categories":[2],"tags":[],"class_list":["post-138714","post","type-post","status-publish","format-standard","has-post-thumbnail","hentry","category-geral"],"_links":{"self":[{"href":"https:\/\/www.caririemacao.com\/1\/wp-json\/wp\/v2\/posts\/138714","targetHints":{"allow":["GET"]}}],"collection":[{"href":"https:\/\/www.caririemacao.com\/1\/wp-json\/wp\/v2\/posts"}],"about":[{"href":"https:\/\/www.caririemacao.com\/1\/wp-json\/wp\/v2\/types\/post"}],"author":[{"embeddable":true,"href":"https:\/\/www.caririemacao.com\/1\/wp-json\/wp\/v2\/users\/1"}],"replies":[{"embeddable":true,"href":"https:\/\/www.caririemacao.com\/1\/wp-json\/wp\/v2\/comments?post=138714"}],"version-history":[{"count":1,"href":"https:\/\/www.caririemacao.com\/1\/wp-json\/wp\/v2\/posts\/138714\/revisions"}],"predecessor-version":[{"id":138715,"href":"https:\/\/www.caririemacao.com\/1\/wp-json\/wp\/v2\/posts\/138714\/revisions\/138715"}],"wp:featuredmedia":[{"embeddable":true,"href":"https:\/\/www.caririemacao.com\/1\/wp-json\/wp\/v2\/media\/27383"}],"wp:attachment":[{"href":"https:\/\/www.caririemacao.com\/1\/wp-json\/wp\/v2\/media?parent=138714"}],"wp:term":[{"taxonomy":"category","embeddable":true,"href":"https:\/\/www.caririemacao.com\/1\/wp-json\/wp\/v2\/categories?post=138714"},{"taxonomy":"post_tag","embeddable":true,"href":"https:\/\/www.caririemacao.com\/1\/wp-json\/wp\/v2\/tags?post=138714"}],"curies":[{"name":"wp","href":"https:\/\/api.w.org\/{rel}","templated":true}]}}