{"id":138717,"date":"2019-11-30T09:57:14","date_gmt":"2019-11-30T12:57:14","guid":{"rendered":"http:\/\/www.caririemacao.com\/1\/?p=138717"},"modified":"2019-11-30T09:57:14","modified_gmt":"2019-11-30T12:57:14","slug":"homem-e-preso-acusado-de-estuprar-a-filha-de-13-anos","status":"publish","type":"post","link":"https:\/\/www.caririemacao.com\/1\/2019\/11\/30\/homem-e-preso-acusado-de-estuprar-a-filha-de-13-anos\/","title":{"rendered":"Homem \u00e9 preso acusado de estuprar a filha de 13 anos"},"content":{"rendered":"\n<p><br>Um homem foi preso pela pol\u00edcia ap\u00f3s a filha denunciar que vinha sendo estuprada por ele em Jo\u00e3o Pessoa. A adolescente de apenas 13 anos revelou o fato atrav\u00e9s e uma carta dentro de um livro.<\/p>\n\n\n\n<p>Uma colega encontrou a carta e comunicou \u00e0 dire\u00e7\u00e3o da escola, que chamou o conselho tutelar.<\/p>\n\n\n\n<p>Em depoimento \u00e0 pol\u00edcia, a garota relatou que vinha sendo abusada desde os 11 anos, quando a fam\u00edlia morava na idade de Recife.<\/p>\n\n\n\n<p>De posse das informa\u00e7\u00f5es a Delegada determinou a pris\u00e3o do acusado.<\/p>\n","protected":false},"excerpt":{"rendered":"<p>Um homem foi preso pela pol\u00edcia ap\u00f3s a filha denunciar que vinha sendo estuprada por ele em Jo\u00e3o Pessoa. A adolescente de apenas 13 anos&hellip; <\/p>\n","protected":false},"author":1,"featured_media":131607,"comment_status":"closed","ping_status":"closed","sticky":false,"template":"","format":"standard","meta":{"sfsi_plus_gutenberg_text_before_share":"","sfsi_plus_gutenberg_show_text_before_share":"","sfsi_plus_gutenberg_icon_type":"","sfsi_plus_gutenberg_icon_alignemt":"","sfsi_plus_gutenburg_max_per_row":"","footnotes":""},"categories":[12],"tags":[],"class_list":["post-138717","post","type-post","status-publish","format-standard","has-post-thumbnail","hentry","category-policia"],"_links":{"self":[{"href":"https:\/\/www.caririemacao.com\/1\/wp-json\/wp\/v2\/posts\/138717","targetHints":{"allow":["GET"]}}],"collection":[{"href":"https:\/\/www.caririemacao.com\/1\/wp-json\/wp\/v2\/posts"}],"about":[{"href":"https:\/\/www.caririemacao.com\/1\/wp-json\/wp\/v2\/types\/post"}],"author":[{"embeddable":true,"href":"https:\/\/www.caririemacao.com\/1\/wp-json\/wp\/v2\/users\/1"}],"replies":[{"embeddable":true,"href":"https:\/\/www.caririemacao.com\/1\/wp-json\/wp\/v2\/comments?post=138717"}],"version-history":[{"count":1,"href":"https:\/\/www.caririemacao.com\/1\/wp-json\/wp\/v2\/posts\/138717\/revisions"}],"predecessor-version":[{"id":138718,"href":"https:\/\/www.caririemacao.com\/1\/wp-json\/wp\/v2\/posts\/138717\/revisions\/138718"}],"wp:featuredmedia":[{"embeddable":true,"href":"https:\/\/www.caririemacao.com\/1\/wp-json\/wp\/v2\/media\/131607"}],"wp:attachment":[{"href":"https:\/\/www.caririemacao.com\/1\/wp-json\/wp\/v2\/media?parent=138717"}],"wp:term":[{"taxonomy":"category","embeddable":true,"href":"https:\/\/www.caririemacao.com\/1\/wp-json\/wp\/v2\/categories?post=138717"},{"taxonomy":"post_tag","embeddable":true,"href":"https:\/\/www.caririemacao.com\/1\/wp-json\/wp\/v2\/tags?post=138717"}],"curies":[{"name":"wp","href":"https:\/\/api.w.org\/{rel}","templated":true}]}}