{"id":138721,"date":"2019-11-30T09:59:38","date_gmt":"2019-11-30T12:59:38","guid":{"rendered":"http:\/\/www.caririemacao.com\/1\/?p=138721"},"modified":"2019-11-30T09:59:38","modified_gmt":"2019-11-30T12:59:38","slug":"testes-em-urnas-eletronicas-encontram-falhas-minimas-diz-tse","status":"publish","type":"post","link":"https:\/\/www.caririemacao.com\/1\/2019\/11\/30\/testes-em-urnas-eletronicas-encontram-falhas-minimas-diz-tse\/","title":{"rendered":"Testes em urnas eletr\u00f4nicas encontram falhas m\u00ednimas, diz TSE"},"content":{"rendered":"\n<p>O Tribunal Superior Eleitoral (TSE) encerrou nesta sexta-feira (29) o per\u00edodo de cinco dias seguidos de testes p\u00fablicos para confirmar a seguran\u00e7a do processo de vota\u00e7\u00e3o das urnas eletr\u00f4nicas que ser\u00e3o utilizadas nas elei\u00e7\u00f5es municipais de 2020.<\/p>\n\n\n\n<p>Segundo o TSE, um grupo de peritos da Pol\u00edcia Federal (PF) conseguiu encontrar falhas superficiais no sistema, que n\u00e3o comprometeram o sigilo do voto.<\/p>\n\n\n\n<p>Durante o per\u00edodo de testes, o TSE abriu parte dos 30 mecanismos de seguran\u00e7a do equipamento para que os peritos&nbsp;pudessem violar o sistema. Dessa forma, segundo o tribunal, os peritos da PF conseguiram alterar informa\u00e7\u00f5es secund\u00e1rias, mas os dados sobre os eleitores e os candidatos permaneceram inviolados.<\/p>\n\n\n\n<p>Segundo a presidente do TSE, ministra Rosa Weber, as pequenas falhas encontradas s\u00e3o importantes para melhorar o sistema da urna.<\/p>\n\n\n\n<p>\u201cO objetivo deste evento foi de fortalecer o sistema eletr\u00f4nico de vota\u00e7\u00e3o, verificar se os recursos implementados na urna atendem as necessidades de seguran\u00e7a\u201d, afirmou a ministra.<\/p>\n","protected":false},"excerpt":{"rendered":"<p>O Tribunal Superior Eleitoral (TSE) encerrou nesta sexta-feira (29) o per\u00edodo de cinco dias seguidos de testes p\u00fablicos para confirmar a seguran\u00e7a do processo de&hellip; <\/p>\n","protected":false},"author":1,"featured_media":70062,"comment_status":"closed","ping_status":"closed","sticky":false,"template":"","format":"standard","meta":{"sfsi_plus_gutenberg_text_before_share":"","sfsi_plus_gutenberg_show_text_before_share":"","sfsi_plus_gutenberg_icon_type":"","sfsi_plus_gutenberg_icon_alignemt":"","sfsi_plus_gutenburg_max_per_row":"","footnotes":""},"categories":[11],"tags":[],"class_list":["post-138721","post","type-post","status-publish","format-standard","has-post-thumbnail","hentry","category-politica"],"_links":{"self":[{"href":"https:\/\/www.caririemacao.com\/1\/wp-json\/wp\/v2\/posts\/138721","targetHints":{"allow":["GET"]}}],"collection":[{"href":"https:\/\/www.caririemacao.com\/1\/wp-json\/wp\/v2\/posts"}],"about":[{"href":"https:\/\/www.caririemacao.com\/1\/wp-json\/wp\/v2\/types\/post"}],"author":[{"embeddable":true,"href":"https:\/\/www.caririemacao.com\/1\/wp-json\/wp\/v2\/users\/1"}],"replies":[{"embeddable":true,"href":"https:\/\/www.caririemacao.com\/1\/wp-json\/wp\/v2\/comments?post=138721"}],"version-history":[{"count":1,"href":"https:\/\/www.caririemacao.com\/1\/wp-json\/wp\/v2\/posts\/138721\/revisions"}],"predecessor-version":[{"id":138722,"href":"https:\/\/www.caririemacao.com\/1\/wp-json\/wp\/v2\/posts\/138721\/revisions\/138722"}],"wp:featuredmedia":[{"embeddable":true,"href":"https:\/\/www.caririemacao.com\/1\/wp-json\/wp\/v2\/media\/70062"}],"wp:attachment":[{"href":"https:\/\/www.caririemacao.com\/1\/wp-json\/wp\/v2\/media?parent=138721"}],"wp:term":[{"taxonomy":"category","embeddable":true,"href":"https:\/\/www.caririemacao.com\/1\/wp-json\/wp\/v2\/categories?post=138721"},{"taxonomy":"post_tag","embeddable":true,"href":"https:\/\/www.caririemacao.com\/1\/wp-json\/wp\/v2\/tags?post=138721"}],"curies":[{"name":"wp","href":"https:\/\/api.w.org\/{rel}","templated":true}]}}